{"id":24095,"date":"2010-05-20T09:21:54","date_gmt":"2010-05-20T07:21:54","guid":{"rendered":"http:\/\/www.nationalturk.com\/?p=24095"},"modified":"2011-01-05T22:40:58","modified_gmt":"2011-01-05T20:40:58","slug":"kemal-kilicdaroglunun-mal-varligi-9237411","status":"publish","type":"post","link":"https:\/\/www.nationalturk.com\/tr\/kemal-kilicdaroglunun-mal-varligi-9237411\/","title":{"rendered":"\u0130\u015fte Kemal K\u0131l\u0131\u00e7daro\u011flu&#8217;nun mal varl\u0131\u011f\u0131"},"content":{"rendered":"<p><strong>Cumhuriyet Halk Partisi (CHP) Genel Ba\u015fkan Aday\u0131 Kemal K\u0131l\u0131\u00e7daro\u011flu&#8217;nun mal varl\u0131\u011f\u0131, senelerdir siyasete olan biri i\u00e7in gayet m\u00fctevaz\u0131 haliyle dikkat \u00e7ekiyor.<\/strong><\/p>\n<p>K\u0131l\u0131\u00e7daro\u011flu ailesinin \u00fc\u00e7\u00fc Ankara&#8217;da biri \u0130stanbul&#8217;da olmak \u00fczere d\u00f6rt konutu bulunuyor. Bu konutlardan iki tanesinin tapusu K\u0131l\u0131\u00e7daro\u011flu&#8217;nun e\u015fi Selvi Han\u0131m&#8217;\u0131n di\u011fer ikisi Kemal \u00a0K\u0131l\u0131\u00e7daro\u011flu ad\u0131na kay\u0131tl\u0131.<\/p>\n<p>Ayr\u0131ca Kemal K\u0131l\u0131\u00e7daro\u011flu ad\u0131na kay\u0131tl\u0131 de\u011feri 165 bin lira olarak belirtilmi\u015f bir arsa ve \u00fc\u00e7 farkl\u0131 kooperatifte de\u011ferleri belirtilmemi\u015f hisseler var.<\/p>\n<p>Kemal K\u0131l\u0131\u00e7daro\u011flu&#8217;nun mal bildiriminde 8 par\u00e7al\u0131k resim koleksiyonu dikkat \u00e7ekerken o\u011ful Kerem K\u0131l\u0131\u00e7daro\u011flu \u00fczerine ise sadece 2004 model bir otomobil bulunuyor.<\/p>\n<p>2010 y\u0131l\u0131n\u0131n ocak ay\u0131nda a\u00e7\u0131klanan bu listeye g\u00f6re K\u0131l\u0131\u00e7daro\u011flu&#8217;nun e\u015fi Selvi Han\u0131m\u2019\u0131n \u015fahs\u0131na ait olarak g\u00f6z\u00fcken tek ta\u015f\u0131nabilir serveti 1983 y\u0131l\u0131nda ald\u0131\u011f\u0131 p\u0131rlanta bir y\u00fcz\u00fck.<\/p>\n<p>K\u0131l\u0131\u00e7daro\u011flu&#8217;nun 2 bankaya ise 92 bin lira borcu var.<\/p>\n<span style=\"font-weight: bold; color: #f00;\">Error, group does not exist! Check your syntax! (ID: 51)<\/span>\n<span style=\"font-weight: bold; color: #f00;\">Error, group does not exist! Check your syntax! (ID: 66)<\/span>\n","protected":false},"excerpt":{"rendered":"<p>Cumhuriyet Halk Partisi (CHP) Genel Ba\u015fkan Aday\u0131 Kemal K\u0131l\u0131\u00e7dao\u011flu&#8217;nun mal varl\u0131\u011f\u0131, senelerdir siyasete olan biri i\u00e7in gayet m\u00fctevaz\u0131 haliyle dikkat \u00e7ekiyor.<\/p>\n","protected":false},"author":4,"featured_media":24097,"comment_status":"open","ping_status":"open","sticky":false,"template":"","format":"standard","meta":{"_acf_changed":false,"footnotes":""},"categories":[6155,5005,6202,6805],"tags":[8723,25731,5115,26041,26046,26045],"class_list":["post-24095","post","type-post","status-publish","format-standard","has-post-thumbnail","hentry","category-gundem","category-manset","category-politika","category-turkiye","tag-chp","tag-chp-kurultay","tag-kemal-kilicdaroglu","tag-kemal-kilicdaroglu-mal-varligi","tag-kerem-kilicdaroglu","tag-selvi-kilicdaroglu"],"acf":[],"_links":{"self":[{"href":"https:\/\/www.nationalturk.com\/tr\/wp-json\/wp\/v2\/posts\/24095","targetHints":{"allow":["GET"]}}],"collection":[{"href":"https:\/\/www.nationalturk.com\/tr\/wp-json\/wp\/v2\/posts"}],"about":[{"href":"https:\/\/www.nationalturk.com\/tr\/wp-json\/wp\/v2\/types\/post"}],"author":[{"embeddable":true,"href":"https:\/\/www.nationalturk.com\/tr\/wp-json\/wp\/v2\/users\/4"}],"replies":[{"embeddable":true,"href":"https:\/\/www.nationalturk.com\/tr\/wp-json\/wp\/v2\/comments?post=24095"}],"version-history":[{"count":0,"href":"https:\/\/www.nationalturk.com\/tr\/wp-json\/wp\/v2\/posts\/24095\/revisions"}],"wp:featuredmedia":[{"embeddable":true,"href":"https:\/\/www.nationalturk.com\/tr\/wp-json\/wp\/v2\/media\/24097"}],"wp:attachment":[{"href":"https:\/\/www.nationalturk.com\/tr\/wp-json\/wp\/v2\/media?parent=24095"}],"wp:term":[{"taxonomy":"category","embeddable":true,"href":"https:\/\/www.nationalturk.com\/tr\/wp-json\/wp\/v2\/categories?post=24095"},{"taxonomy":"post_tag","embeddable":true,"href":"https:\/\/www.nationalturk.com\/tr\/wp-json\/wp\/v2\/tags?post=24095"}],"curies":[{"name":"wp","href":"https:\/\/api.w.org\/{rel}","templated":true}]}}