{"id":241138,"date":"2016-10-29T20:29:26","date_gmt":"2016-10-29T17:29:26","guid":{"rendered":"http:\/\/www.nationalturk.com\/?p=241138"},"modified":"2019-03-28T12:19:37","modified_gmt":"2019-03-28T09:19:37","slug":"bayrak-yerde-kalmaz","status":"publish","type":"post","link":"https:\/\/www.nationalturk.com\/tr\/bayrak-yerde-kalmaz\/","title":{"rendered":"Bayrak Yerde Kalmaz"},"content":{"rendered":"<h1><img loading=\"lazy\" decoding=\"async\" class=\"alignleft size-full wp-image-240942\" src=\"http:\/\/www.nationalturk.com\/tr\/wp-content\/uploads\/2016\/10\/ersin-afacan.jpg\" alt=\"ersin-afacan\" width=\"88\" height=\"115\" title=\"\">Sportif alanda zihinsel performans antren\u00f6rl\u00fc\u011f\u00fc yapan NationalTurk yorumcusu Ersin Afacan\u2019\u0131n &#8220;Bayrak Yerde Kalmaz&#8221; ba\u015fl\u0131kl\u0131 yaz\u0131s\u0131;<\/h1>\n<p>Zafer kazanm\u0131\u015f Ba\u015fkomutan olarak \u0130zmir\u2019e girdi\u011fi g\u00fcn, \u00f6n\u00fcne serilen d\u00fc\u015fman bayra\u011f\u0131n\u0131: &#8220;Bayrak bir milletin ba\u011f\u0131ms\u0131zl\u0131k i\u015faretidir; d\u00fc\u015fman\u0131n da olsa sayg\u0131 g\u00f6stermek gerekir!&#8221; (1) diyerek, yerden kald\u0131rtan Mustafa Kemal Atat\u00fcrk \u00f6nderli\u011finde kurulan Cumhuriyetimizin kurulu\u015funun 93.y\u0131l\u0131n\u0131 kutlayarak makaleme ba\u015flamak istiyorum.<\/p>\n<p>Yukar\u0131daki \u00f6rnekte de g\u00f6r\u00fcld\u00fc\u011f\u00fc \u00fczere bayrak sayg\u0131s\u0131, T\u00fcrk t\u00f6relerine g\u00f6re bir fazilettir ve erdemli bir davran\u0131\u015ft\u0131r. T\u00f6re, ahlak\u0131n bir par\u00e7as\u0131 olarak \u00f6rf ve adetlerden olu\u015fur. \u00d6rf ve adetler, her \u00fclkede ba\u015fka t\u00fcrl\u00fc olabilir ama evrensel olanlar\u0131 da vard\u0131r. Bunlardan biri de ki\u015finin kendi \u00fclkesini temsil eden bayra\u011fa olan sayg\u0131s\u0131d\u0131r. Bu sayg\u0131n\u0131n davran\u0131\u015f olarak g\u00f6stergelerinden biri de bayra\u011f\u0131n yere d\u00fc\u015f\u00fcr\u00fclmemesi ve yerde olan bayra\u011f\u0131n kald\u0131r\u0131lmas\u0131d\u0131r. Ayr\u0131ca, g\u00fcndelik dilde \u201cT\u00fcrk bayra\u011f\u0131 alt\u0131nda ya\u015famak\u201d diye bir tabir var. Yani bayra\u011f\u0131m\u0131z bizim ayaklar\u0131m\u0131z\u0131n alt\u0131nda veya yan\u0131nda olmaz, ba\u015f\u0131m\u0131z\u0131n \u00fcst\u00fcnde olur ve dalgalan\u0131r. \u0130stiklal Mar\u015f\u0131m\u0131z\u2019da da \u201cDalgalan sen de \u015fafaklar gibi ey \u015fanl\u0131 hilal!\u201d denilmektedir.<\/p>\n<p>Bu yaz\u0131l\u0131 olmayan Milli K\u00fclt\u00fcr\u00fcn yan\u0131nda bir de yaz\u0131l\u0131 olarak 2893 Numaral\u0131 T\u00fcrk Bayra\u011f\u0131 Kanunu var. Bu kanunun 7.maddesinde \u201cT\u00fcrk Bayra\u011f\u0131, y\u0131rt\u0131k, s\u00f6k\u00fck, yamal\u0131, delik, kirli, soluk, buru\u015fuk veya lay\u0131k oldu\u011fu manevi de\u011feri zedeleyecek herhangi bir \u015fekilde kullan\u0131lamaz. Resmi yemin t\u00f6renleri d\u0131\u015f\u0131nda her ne maksatla olursa olsun masalara, k\u00fcrs\u00fclere \u00f6rt\u00fc olarak serilemez. Oturulan veya ayakla bas\u0131lan yerlere konulamaz. Bu yerlere ve benzeri e\u015fyaya Bayra\u011f\u0131n \u015fekli yap\u0131lamaz. Elbise veya \u00fcniforma \u015feklinde giyilemez. Bayrak y\u0131rt\u0131lamaz, yak\u0131lamaz, yere at\u0131lamaz, gerekli \u00f6zen g\u00f6sterilmeden kullan\u0131lamaz. Bu Kanuna ve t\u00fcz\u00fc\u011fe ayk\u0131r\u0131 fiiller yetkililerce derhal \u00f6nlenir ve gerekli soru\u015fturma yap\u0131l\u0131r.\u201d \u015feklinde bir yasaklama var (2). Yani hem yaz\u0131s\u0131z hem de yaz\u0131l\u0131 milli \u00f6rf ve adetlerimizde bayra\u011f\u0131m\u0131z\u0131n ayakla bas\u0131lan yere konulmas\u0131 ve serilmesi yasaklanm\u0131\u015f ve ay\u0131planm\u0131\u015ft\u0131r.<\/p>\n<p>Durum b\u00f6yle iken i\u00e7teki hainlerin d\u0131\u015ftaki d\u00fc\u015fmanlarla ter\u00f6r ve b\u00f6l\u00fcc\u00fcl\u00fck eylemlerini devam ettirdikleri ve \u00fclke olarak son derece hassas bir d\u00f6nemi ya\u015fad\u0131\u011f\u0131m\u0131z bug\u00fcnlerde herkesin milli ve manevi de\u011ferlere kar\u015f\u0131 son derece dikkatli olmas\u0131 gerekmektedir. Dikkatli olunmayan durumlarda da hemen \u00f6z\u00fcr dilenip hatadan d\u00f6n\u00fclmelidir. \u00c7\u00fcnk\u00fc de\u011ferlerimizin k\u00f6t\u00fcye kullanmas\u0131 a\u00e7\u0131s\u0131ndan \u00f6rnek olmak, \u00fclkesini seven hi\u00e7bir kimseye fayda vermez.<\/p>\n<p>Bu ba\u011flamda neredeyse her ge\u00e7en g\u00fcn skandal olaylar\u0131n ya\u015fand\u0131\u011f\u0131 spor ve futbol k\u00fclt\u00fcr\u00fcm\u00fczde bu makalenin konusuyla ba\u011flant\u0131l\u0131 olarak Boluspor kaleci antren\u00f6r\u00fc Levent Zorluer\u2019in facebook hesab\u0131ndan yapt\u0131\u011f\u0131 bu payla\u015f\u0131m, hem dikkatimi \u00e7ekti hem de beni \u00fczd\u00fc.<\/p>\n<p>Boluspor kaleci antren\u00f6r\u00fcn\u00fcn, kalecilerle beraber Cumhuriyet Bayram\u0131m\u0131z\u0131 kutlamak ad\u0131na T\u00fcrk Bayra\u011f\u0131n\u0131 ayaklar\u0131n\u0131n \u00f6n\u00fcne sererek poz vermesini bir anl\u0131k dalg\u0131nl\u0131k ve \u015fa\u015fk\u0131nl\u0131k olarak de\u011ferlendirmek istiyorum. \u00c7\u00fcnk\u00fc bu foto\u011frafta olan ki\u015filerin ve foto\u011fraf\u0131 \u00e7ekenin, az \u00f6nce bayra\u011f\u0131m\u0131z ile ilgili bahsetti\u011fim yaz\u0131l\u0131 ve yaz\u0131s\u0131z kurallardan haberleri oldu\u011funu d\u00fc\u015f\u00fcn\u00fcyorum. Ayr\u0131ca bu makalemi yazd\u0131\u011f\u0131m an itibariyle bu foto\u011fraf\u0131n 400 civar\u0131nda be\u011feni almas\u0131 da \u00fclke insan\u0131m\u0131z a\u00e7\u0131s\u0131ndan da son derece d\u00fc\u015f\u00fcnd\u00fcr\u00fcc\u00fc bir durum.<\/p>\n<p>Netice itibariyle hem \u00fclke k\u00fclt\u00fcr\u00fc hem de spor k\u00fclt\u00fcr\u00fc olarak geri durumda oldu\u011fumuzun pek \u00e7ok \u00f6rneklerini ya\u015f\u0131yoruz. Bu k\u00f6t\u00fc \u00f6rnekleri yaz\u0131p \u00e7izerek ve tart\u0131\u015f\u0131p do\u011fruyu bularak belki geli\u015fim ad\u0131na bir ad\u0131m atabiliriz. Umar\u0131m, bu olay foto\u011frafta yer alan ki\u015filer ve foto\u011fraf\u0131 \u00e7eken i\u00e7in bir ders, di\u011fer insanlar\u0131m\u0131z i\u00e7in de bir ibret olur.<\/p>\n<p><strong>Ersin Afacan \/ NationalTurk<\/strong><\/p>\n<p>KAYNAK<br \/>\n(1) KOCAT\u00dcRK, Utkan; Atat\u00fcrk ve T\u00fcrkiye Cumhuriyeti Tarihi Kronolojisi, T\u00fcrk Tarih Kurumu Yay\u0131n\u0131, Ankara- 2000, s.455<br \/>\n(2) http:\/\/www.tccb.gov.tr\/cumhurbaskanligi\/resmi-simgeler\/bayrak\/<br \/>\nwww.instagram.com\/mental_destek<br \/>\ntwitter.com\/mentaldestek<\/p>\n<!-- Error, Advert is not available at this time due to schedule\/geolocation restrictions! -->\n","protected":false},"excerpt":{"rendered":"<p>Sportif alanda zihinsel performans antren\u00f6rl\u00fc\u011f\u00fc yapan NationalTurk yorumcusu Ersin Afacan\u2019\u0131n &#8220;Bayrak Yerde Kalmaz&#8221; ba\u015fl\u0131kl\u0131 yaz\u0131s\u0131; Zafer kazanm\u0131\u015f Ba\u015fkomutan olarak \u0130zmir\u2019e girdi\u011fi g\u00fcn, \u00f6n\u00fcne serilen d\u00fc\u015fman bayra\u011f\u0131n\u0131: &#8220;Bayrak bir milletin ba\u011f\u0131ms\u0131zl\u0131k i\u015faretidir; d\u00fc\u015fman\u0131n da olsa sayg\u0131 g\u00f6stermek gerekir!&#8221; (1) diyerek, yerden kald\u0131rtan Mustafa Kemal Atat\u00fcrk \u00f6nderli\u011finde kurulan Cumhuriyetimizin kurulu\u015funun 93.y\u0131l\u0131n\u0131 kutlayarak makaleme ba\u015flamak istiyorum. Yukar\u0131daki \u00f6rnekte &hellip;<\/p>\n","protected":false},"author":9192205,"featured_media":241139,"comment_status":"open","ping_status":"open","sticky":false,"template":"","format":"standard","meta":{"_acf_changed":false,"footnotes":""},"categories":[6774,26554,5005,6194],"tags":[210778,8451,196010],"class_list":["post-241138","post","type-post","status-publish","format-standard","has-post-thumbnail","hentry","category-futbol","category-haftanin-yorumu","category-manset","category-spor","tag-bayrak","tag-boluspor","tag-ersin-afacan"],"acf":[],"_links":{"self":[{"href":"https:\/\/www.nationalturk.com\/tr\/wp-json\/wp\/v2\/posts\/241138","targetHints":{"allow":["GET"]}}],"collection":[{"href":"https:\/\/www.nationalturk.com\/tr\/wp-json\/wp\/v2\/posts"}],"about":[{"href":"https:\/\/www.nationalturk.com\/tr\/wp-json\/wp\/v2\/types\/post"}],"author":[{"embeddable":true,"href":"https:\/\/www.nationalturk.com\/tr\/wp-json\/wp\/v2\/users\/9192205"}],"replies":[{"embeddable":true,"href":"https:\/\/www.nationalturk.com\/tr\/wp-json\/wp\/v2\/comments?post=241138"}],"version-history":[{"count":0,"href":"https:\/\/www.nationalturk.com\/tr\/wp-json\/wp\/v2\/posts\/241138\/revisions"}],"wp:featuredmedia":[{"embeddable":true,"href":"https:\/\/www.nationalturk.com\/tr\/wp-json\/wp\/v2\/media\/241139"}],"wp:attachment":[{"href":"https:\/\/www.nationalturk.com\/tr\/wp-json\/wp\/v2\/media?parent=241138"}],"wp:term":[{"taxonomy":"category","embeddable":true,"href":"https:\/\/www.nationalturk.com\/tr\/wp-json\/wp\/v2\/categories?post=241138"},{"taxonomy":"post_tag","embeddable":true,"href":"https:\/\/www.nationalturk.com\/tr\/wp-json\/wp\/v2\/tags?post=241138"}],"curies":[{"name":"wp","href":"https:\/\/api.w.org\/{rel}","templated":true}]}}