{"id":241236,"date":"2016-11-01T10:46:46","date_gmt":"2016-11-01T07:46:46","guid":{"rendered":"http:\/\/www.nationalturk.com\/?p=241236"},"modified":"2016-11-01T10:46:46","modified_gmt":"2016-11-01T07:46:46","slug":"avrupanin-en-buyuk-film-platosu-istanbulda-yapiliyor","status":"publish","type":"post","link":"https:\/\/www.nationalturk.com\/tr\/avrupanin-en-buyuk-film-platosu-istanbulda-yapiliyor\/","title":{"rendered":"Avrupa&#8217;n\u0131n en b\u00fcy\u00fck film platosu \u0130stanbul&#8217;da yap\u0131l\u0131yor"},"content":{"rendered":"<h1>Avrupa&#8217;n\u0131n en b\u00fcy\u00fck film platosu olmas\u0131 hedeflenen Midwood \u0130stanbul Film St\u00fcdyo Kompleksi&#8217;nin temeli CHP&#8217;li B\u00fcy\u00fck\u00e7ekmece Belediyesi taraf\u0131ndan at\u0131ld\u0131.<\/h1>\n<p>B\u00fcy\u00fck\u00e7ekmece Belediyesi arazisi \u00fczerinde, Belediye Ba\u015fkan\u0131 Hasan Akg\u00fcn \u00f6nc\u00fcl\u00fc\u011f\u00fcnde 5 y\u0131lda geli\u015ftirilen projenin temel atma t\u00f6reni, platonun tan\u0131t\u0131m videosunun g\u00f6sterimiyle ba\u015flad\u0131.<\/p>\n<p>T\u00f6rene kat\u0131lan TBMM Ba\u015fkanvekili Mehmet Akif Hamza\u00e7ebi yapt\u0131\u011f\u0131 konu\u015fmada, kat\u0131l\u0131mc\u0131lar\u0131n Cumhuriyet Bayram\u0131&#8217;n\u0131 kutlayarak Cumhuriyet&#8217;in, T\u00fcrk milletinin 20. y\u00fczy\u0131ldaki en b\u00fcy\u00fck modernle\u015fme projesi oldu\u011funu s\u00f6yledi.<\/p>\n<p>Cumhuriyet&#8217;in sanatla \u00f6zde\u015fle\u015fti\u011fini aktaran Hamza\u00e7ebi, Midwood projesinin, T\u00fcrkiye&#8217;yi sanat ve sinema alan\u0131nda d\u00fcnyan\u0131n say\u0131l\u0131 \u00fclkeleri aras\u0131na ta\u015f\u0131yaca\u011f\u0131n\u0131 kaydetti.<\/p>\n<p>\u0130stanbul&#8217;un, d\u00fcnyan\u0131n en \u00f6nemli \u015fehirlerinden oldu\u011funu vurgulayan Hamza\u00e7ebi, \u015f\u00f6yle konu\u015ftu:<\/p>\n<p>&#8220;Sinema, oyunculuk, senaryo ve teknolojidir. Sinema asl\u0131nda hayat\u0131n kendisidir ama b\u00fct\u00fcn bunlar\u0131 yapabilmek i\u00e7in b\u00fcy\u00fck bir alt yap\u0131 gerekir. Burada, Hollywood ve Bollywood&#8217;la yar\u0131\u015facak b\u00fcy\u00fck bir projeyi konu\u015fuyoruz. \u0130nan\u0131yorum ki bu proje ger\u00e7ekle\u015fti\u011finde T\u00fcrkiye, d\u00fcnyada sinema alan\u0131nda da kendisinden s\u00f6z ettiren bir \u00fclke olacakt\u0131r.&#8221;<\/p>\n<p>150 milyon dolarl\u0131k ekipman<br \/>\nProjeyi geli\u015ftiren Midwood A\u015e. Y\u00f6netim Kurulu Ba\u015fkan\u0131 Ahmet San ise sekt\u00f6rde daima en iyisini yapmaya \u00e7al\u0131\u015ft\u0131\u011f\u0131n\u0131n alt\u0131n\u0131 \u00e7izerek, kompleksin tamamland\u0131\u011f\u0131nda Avrupa&#8217;n\u0131n en b\u00fcy\u00fck platosu olaca\u011f\u0131n\u0131 bildirdi.<\/p>\n<p>T\u00fcrkiye&#8217;de ve d\u00fcnyada, b\u00fcy\u00fck st\u00fcdyolar\u0131n bir\u00e7o\u011funu inceledikten sonra plato a\u00e7maya karar verdi\u011fine vurgu yapan San, yakla\u015f\u0131k 150 milyon dolarl\u0131k ekipman\u0131 haz\u0131r hale getirdiklerini anlatt\u0131.<\/p>\n<!-- Error, Advert is not available at this time due to schedule\/geolocation restrictions! -->\n<p>Midwood A\u015e. \u0130cra Kurulu Ba\u015fkan\u0131 Emin G\u00fcnal da Midwood projesinin, b\u00fcy\u00fck bir T\u00fcrkiye markas\u0131 haline gelece\u011fini dile getirerek, 505 d\u00f6n\u00fcml\u00fck arazide, 825 milyon liral\u0131k yat\u0131r\u0131m yapacaklar\u0131n\u0131 aktard\u0131.<\/p>\n<p>21 st\u00fcdyo, 17 a\u00e7\u0131k set alan\u0131, 18 imalat at\u00f6lyesi<br \/>\nMidwood \u0130stanbul Film St\u00fcdyo Kompleksi tamamland\u0131\u011f\u0131nda en az 20 noktas\u0131nda film \u00e7ekilebilece\u011fine dikkati \u00e7eken G\u00fcnal, \u015funlar\u0131 s\u00f6yledi:<\/p>\n<p>&#8220;\u00dcnl\u00fclerin kalabilece\u011fi, 5 y\u0131ld\u0131z\u0131n \u00fczerinde hizmet veren bir konaklama tesisimiz, spor, \u00e7ocuk e\u011flence, yeme-i\u00e7me alanlar\u0131, sinema ve parklar\u0131m\u0131z var. 21 tane st\u00fcdyo, 17 a\u00e7\u0131k set alan\u0131na sahibiz. Asl\u0131nda 505 d\u00f6n\u00fcm alan\u0131n tamam\u0131 bir \u00e7ekim platosu.&#8221;<\/p>\n<p>Tamamland\u0131\u011f\u0131nda, T\u00fcrkiye&#8217;nin turizm \u00e7e\u015fitlili\u011fine katk\u0131 sunmas\u0131 ama\u00e7lanan Midwood \u0130stanbul Film St\u00fcdyo Kompleksi&#8217;nde, 18 imalat at\u00f6lyesi ile film \u00e7ekimi i\u00e7in ihtiya\u00e7 duyulan t\u00fcm ekip ve ekipman da bulunacak.<\/p>\n<p>Korku filminden bilim kurguya kadar b\u00fct\u00fcn t\u00fcrlerde yap\u0131mlar\u0131n \u00e7ekilebilece\u011fi komplekste, sinema m\u00fczesi ve anaokuldan \u00fcniversiteye kadar e\u011fitim alanlar\u0131 da yer alacak.<\/p>\n<!-- Error, Advert is not available at this time due to schedule\/geolocation restrictions! -->\n","protected":false},"excerpt":{"rendered":"<p>Avrupa&#8217;n\u0131n en b\u00fcy\u00fck film platosu olmas\u0131 hedeflenen Midwood \u0130stanbul Film St\u00fcdyo Kompleksi&#8217;nin temeli CHP&#8217;li B\u00fcy\u00fck\u00e7ekmece Belediyesi taraf\u0131ndan at\u0131ld\u0131. B\u00fcy\u00fck\u00e7ekmece Belediyesi arazisi \u00fczerinde, Belediye Ba\u015fkan\u0131 Hasan Akg\u00fcn \u00f6nc\u00fcl\u00fc\u011f\u00fcnde 5 y\u0131lda geli\u015ftirilen projenin temel atma t\u00f6reni, platonun tan\u0131t\u0131m videosunun g\u00f6sterimiyle ba\u015flad\u0131. T\u00f6rene kat\u0131lan TBMM Ba\u015fkanvekili Mehmet Akif Hamza\u00e7ebi yapt\u0131\u011f\u0131 konu\u015fmada, kat\u0131l\u0131mc\u0131lar\u0131n Cumhuriyet Bayram\u0131&#8217;n\u0131 kutlayarak Cumhuriyet&#8217;in, T\u00fcrk milletinin &hellip;<\/p>\n","protected":false},"author":4,"featured_media":241239,"comment_status":"open","ping_status":"open","sticky":false,"template":"","format":"standard","meta":{"_acf_changed":false,"footnotes":""},"categories":[5005,6672,6805],"tags":[61847,31494,8723,44013,210793],"class_list":["post-241236","post","type-post","status-publish","format-standard","has-post-thumbnail","hentry","category-manset","category-sinema","category-turkiye","tag-akif-hamzacebi","tag-buyukcekmece","tag-chp","tag-hasan-akgun","tag-midwood"],"acf":[],"_links":{"self":[{"href":"https:\/\/www.nationalturk.com\/tr\/wp-json\/wp\/v2\/posts\/241236","targetHints":{"allow":["GET"]}}],"collection":[{"href":"https:\/\/www.nationalturk.com\/tr\/wp-json\/wp\/v2\/posts"}],"about":[{"href":"https:\/\/www.nationalturk.com\/tr\/wp-json\/wp\/v2\/types\/post"}],"author":[{"embeddable":true,"href":"https:\/\/www.nationalturk.com\/tr\/wp-json\/wp\/v2\/users\/4"}],"replies":[{"embeddable":true,"href":"https:\/\/www.nationalturk.com\/tr\/wp-json\/wp\/v2\/comments?post=241236"}],"version-history":[{"count":0,"href":"https:\/\/www.nationalturk.com\/tr\/wp-json\/wp\/v2\/posts\/241236\/revisions"}],"wp:featuredmedia":[{"embeddable":true,"href":"https:\/\/www.nationalturk.com\/tr\/wp-json\/wp\/v2\/media\/241239"}],"wp:attachment":[{"href":"https:\/\/www.nationalturk.com\/tr\/wp-json\/wp\/v2\/media?parent=241236"}],"wp:term":[{"taxonomy":"category","embeddable":true,"href":"https:\/\/www.nationalturk.com\/tr\/wp-json\/wp\/v2\/categories?post=241236"},{"taxonomy":"post_tag","embeddable":true,"href":"https:\/\/www.nationalturk.com\/tr\/wp-json\/wp\/v2\/tags?post=241236"}],"curies":[{"name":"wp","href":"https:\/\/api.w.org\/{rel}","templated":true}]}}