{"id":241404,"date":"2016-11-03T18:20:38","date_gmt":"2016-11-03T15:20:38","guid":{"rendered":"http:\/\/www.nationalturk.com\/?p=241404"},"modified":"2016-11-03T18:20:38","modified_gmt":"2016-11-03T15:20:38","slug":"rus-vatandasligina-gecti","status":"publish","type":"post","link":"https:\/\/www.nationalturk.com\/tr\/rus-vatandasligina-gecti\/","title":{"rendered":"Rus vatanda\u015fl\u0131\u011f\u0131na ge\u00e7ti"},"content":{"rendered":"<h1>Amerikal\u0131 d\u00f6v\u00fc\u015f sanatlar\u0131 akt\u00f6r\u00fc ve yap\u0131mc\u0131 Steven Seagal, Rusya vatanda\u015fl\u0131\u011f\u0131na ge\u00e7ti.<\/h1>\n<p>Rusya Devlet Ba\u015fkan\u0131 Vladimir Putin, Amerikal\u0131 d\u00f6v\u00fc\u015f sanatlar\u0131 akt\u00f6r\u00fc ve yap\u0131mc\u0131 Steven Seagal&#8217;\u0131n Rus vatanda\u015fl\u0131\u011f\u0131na al\u0131nmas\u0131na ili\u015fkin karar\u0131 imzalad\u0131.<\/p>\n<p>Karar, Kremlin&#8217;in resmi internet sitesinde yay\u0131mlan\u0131rken, Kremlin Bas\u0131n S\u00f6zc\u00fcs\u00fc Dmitri Peskov, Seagal&#8217;\u0131n uzun s\u00fcredir Rus vatanda\u015fl\u0131\u011f\u0131na ge\u00e7mek i\u00e7in m\u00fcracaat etti\u011fini bildirdi.<\/p>\n<p>Peskov, Seagal&#8217;\u0131n Rusya&#8217;ya kar\u015f\u0131 s\u0131cak duygular besleyen biri olarak bilindi\u011fini kaydetti.<\/p>\n<!-- Error, Advert is not available at this time due to schedule\/geolocation restrictions! -->\n","protected":false},"excerpt":{"rendered":"<p>Amerikal\u0131 d\u00f6v\u00fc\u015f sanatlar\u0131 akt\u00f6r\u00fc ve yap\u0131mc\u0131 Steven Seagal, Rusya vatanda\u015fl\u0131\u011f\u0131na ge\u00e7ti. Rusya Devlet Ba\u015fkan\u0131 Vladimir Putin, Amerikal\u0131 d\u00f6v\u00fc\u015f sanatlar\u0131 akt\u00f6r\u00fc ve yap\u0131mc\u0131 Steven Seagal&#8217;\u0131n Rus vatanda\u015fl\u0131\u011f\u0131na al\u0131nmas\u0131na ili\u015fkin karar\u0131 imzalad\u0131. Karar, Kremlin&#8217;in resmi internet sitesinde yay\u0131mlan\u0131rken, Kremlin Bas\u0131n S\u00f6zc\u00fcs\u00fc Dmitri Peskov, Seagal&#8217;\u0131n uzun s\u00fcredir Rus vatanda\u015fl\u0131\u011f\u0131na ge\u00e7mek i\u00e7in m\u00fcracaat etti\u011fini bildirdi. Peskov, Seagal&#8217;\u0131n Rusya&#8217;ya kar\u015f\u0131 &hellip;<\/p>\n","protected":false},"author":4,"featured_media":241405,"comment_status":"open","ping_status":"open","sticky":false,"template":"","format":"standard","meta":{"_acf_changed":false,"footnotes":""},"categories":[6768,6770,6665,6155,5005],"tags":[1887,13945,721,167595,1530],"class_list":["post-241404","post","type-post","status-publish","format-standard","has-post-thumbnail","hentry","category-amerika","category-avrupa","category-dunya","category-gundem","category-manset","tag-abd","tag-kremlin","tag-rusya","tag-steven-seagal","tag-vladimir-putin"],"acf":[],"_links":{"self":[{"href":"https:\/\/www.nationalturk.com\/tr\/wp-json\/wp\/v2\/posts\/241404","targetHints":{"allow":["GET"]}}],"collection":[{"href":"https:\/\/www.nationalturk.com\/tr\/wp-json\/wp\/v2\/posts"}],"about":[{"href":"https:\/\/www.nationalturk.com\/tr\/wp-json\/wp\/v2\/types\/post"}],"author":[{"embeddable":true,"href":"https:\/\/www.nationalturk.com\/tr\/wp-json\/wp\/v2\/users\/4"}],"replies":[{"embeddable":true,"href":"https:\/\/www.nationalturk.com\/tr\/wp-json\/wp\/v2\/comments?post=241404"}],"version-history":[{"count":0,"href":"https:\/\/www.nationalturk.com\/tr\/wp-json\/wp\/v2\/posts\/241404\/revisions"}],"wp:featuredmedia":[{"embeddable":true,"href":"https:\/\/www.nationalturk.com\/tr\/wp-json\/wp\/v2\/media\/241405"}],"wp:attachment":[{"href":"https:\/\/www.nationalturk.com\/tr\/wp-json\/wp\/v2\/media?parent=241404"}],"wp:term":[{"taxonomy":"category","embeddable":true,"href":"https:\/\/www.nationalturk.com\/tr\/wp-json\/wp\/v2\/categories?post=241404"},{"taxonomy":"post_tag","embeddable":true,"href":"https:\/\/www.nationalturk.com\/tr\/wp-json\/wp\/v2\/tags?post=241404"}],"curies":[{"name":"wp","href":"https:\/\/api.w.org\/{rel}","templated":true}]}}