{"id":241516,"date":"2016-11-05T14:35:57","date_gmt":"2016-11-05T11:35:57","guid":{"rendered":"http:\/\/www.nationalturk.com\/?p=241516"},"modified":"2016-11-05T14:35:57","modified_gmt":"2016-11-05T11:35:57","slug":"kalkinma-bakani-lutfi-elvan-hindistanda","status":"publish","type":"post","link":"https:\/\/www.nationalturk.com\/tr\/kalkinma-bakani-lutfi-elvan-hindistanda\/","title":{"rendered":"Kalk\u0131nma Bakan\u0131 L\u00fctfi Elvan Hindistan&#8217;da"},"content":{"rendered":"<h2>Kalk\u0131nma Bakan\u0131 L\u00fctfi Elvan, BM Afet Riskini Azaltma Asya Bakanlar Konferans\u0131na kat\u0131lmak ve resmi temaslarda bulunmak \u00fczere Hindistan&#8217;da&#8230;<\/h2>\n<p>Hindistan&#8217;\u0131n ba\u015fkenti Yeni Delhi&#8217;de bulunan L\u00fctfi Elvan, Hindistan ve T\u00fcrk gazetecilerine y\u00f6nelik bas\u0131n toplant\u0131s\u0131 d\u00fczenledi. \u0130ki \u00fclke aras\u0131ndaki ekonomik ili\u015fkilere de\u011finen Elvan, Hindistan&#8217;\u0131n T\u00fcrkiye i\u00e7in Asya&#8217;ya a\u00e7\u0131lan, T\u00fcrkiye&#8217;nin de Hindistan i\u00e7in Avrupa, Afrika ve Ortado\u011fu&#8217;ya a\u00e7\u0131lan kap\u0131 konumunda bulundu\u011funu kaydetti.<\/p>\n<p>Ticari ili\u015fkilerde iki \u00f6nemli alan oldu\u011funa dikkati \u00e7eken Elvan, bunlardan birinin Hindistan&#8217;\u0131n gelecek 5 y\u0131ldaki alt yap\u0131 yat\u0131r\u0131mlar\u0131na T\u00fcrk m\u00fcteahhitlik firmalar\u0131n\u0131n katk\u0131 sa\u011flamas\u0131, di\u011ferinin de kamu-\u00f6zel sekt\u00f6r i\u015f birli\u011fi oldu\u011funu s\u00f6yledi.<\/p>\n<!-- Error, Advert is not available at this time due to schedule\/geolocation restrictions! -->\n<h3>Elvan T\u00fcrkiye-Hindistan \u0130\u015f Forumu&#8217;nda konu\u015ftu<\/h3>\n<p>Elvan, Yeni Delhi&#8217;de T\u00fcrkiye \u0130hracat\u00e7\u0131lar Meclisi (T\u0130M) taraf\u0131ndan d\u00fczenlenen, T\u00fcrkiye-Hindistan \u0130\u015f Forumu&#8217;nda konu\u015ftu.\u00a0T\u00fcrklerin Hindistan halk\u0131n\u0131 dost olarak g\u00f6rd\u00fc\u011f\u00fcn\u00fc ifade eden Elvan, Hindistan&#8217;\u0131n sadece Asya&#8217;da de\u011fil, k\u00fcresel d\u00fczeyde de \u00e7ok \u00f6nemli bir \u00fclke konumunda oldu\u011funu dile getirdi.<\/p>\n<figure id=\"attachment_241518\" aria-describedby=\"caption-attachment-241518\" style=\"width: 660px\" class=\"wp-caption alignnone\"><img loading=\"lazy\" decoding=\"async\" class=\" wp-image-241518\" src=\"http:\/\/www.nationalturk.com\/tr\/wp-content\/uploads\/2016\/11\/hindistan-yeni-delhi.jpg\" alt=\"Kalk\u0131nma Bakan\u0131 L\u00fctfi Elvan, BM Afet Riskini Azaltma Asya Bakanlar Konferans\u0131na kat\u0131lmak ve resmi temaslarda bulunmak \u00fczere Hindistan\u2019da\u2026\" width=\"660\" height=\"446\" title=\"\"><figcaption id=\"caption-attachment-241518\" class=\"wp-caption-text\">Kalk\u0131nma Bakan\u0131 L\u00fctfi Elvan T\u00fcrkiye-Hindistan \u0130\u015f Forumu&#8217;nda konu\u015ftu<\/figcaption><\/figure>\n<p>T\u00fcrkiye&#8217;nin son 14 y\u0131lda ekonomide \u00f6nemli bir performans g\u00f6sterdi\u011fini ve hemen her alanda \u00f6nemli geli\u015fmeler sa\u011flad\u0131\u011f\u0131n\u0131 kaydeden Elvan, &#8220;Hindistan, Asya&#8217;da \u00f6nemli bir g\u00fc\u00e7 merkezi. Asya ile Avrupa&#8217;y\u0131 ba\u011flayan bir k\u00f6pr\u00fc konumunda olan T\u00fcrkiye ise yine b\u00f6lgesinde \u00f6nemli bir g\u00fc\u00e7 merkezi. Her iki \u00fclkenin inan\u0131lmaz bir potansiyeli var. Bizler bu potansiyeli mutlaka harekete ge\u00e7irmeliyiz.&#8221; diye konu\u015ftu.<\/p>\n<!-- Error, Advert is not available at this time due to schedule\/geolocation restrictions! -->\n","protected":false},"excerpt":{"rendered":"<p>Kalk\u0131nma Bakan\u0131 L\u00fctfi Elvan, BM Afet Riskini Azaltma Asya Bakanlar Konferans\u0131na kat\u0131lmak ve resmi temaslarda bulunmak \u00fczere Hindistan&#8217;da&#8230;<\/p>\n","protected":false},"author":3,"featured_media":241519,"comment_status":"open","ping_status":"open","sticky":false,"template":"","format":"standard","meta":{"_acf_changed":false,"footnotes":""},"categories":[6155,5005],"tags":[1380,41141,4625],"class_list":["post-241516","post","type-post","status-publish","format-standard","has-post-thumbnail","hentry","category-gundem","category-manset","tag-hindistan","tag-lutfi-elvan","tag-yeni-delhi"],"acf":[],"_links":{"self":[{"href":"https:\/\/www.nationalturk.com\/tr\/wp-json\/wp\/v2\/posts\/241516","targetHints":{"allow":["GET"]}}],"collection":[{"href":"https:\/\/www.nationalturk.com\/tr\/wp-json\/wp\/v2\/posts"}],"about":[{"href":"https:\/\/www.nationalturk.com\/tr\/wp-json\/wp\/v2\/types\/post"}],"author":[{"embeddable":true,"href":"https:\/\/www.nationalturk.com\/tr\/wp-json\/wp\/v2\/users\/3"}],"replies":[{"embeddable":true,"href":"https:\/\/www.nationalturk.com\/tr\/wp-json\/wp\/v2\/comments?post=241516"}],"version-history":[{"count":0,"href":"https:\/\/www.nationalturk.com\/tr\/wp-json\/wp\/v2\/posts\/241516\/revisions"}],"wp:featuredmedia":[{"embeddable":true,"href":"https:\/\/www.nationalturk.com\/tr\/wp-json\/wp\/v2\/media\/241519"}],"wp:attachment":[{"href":"https:\/\/www.nationalturk.com\/tr\/wp-json\/wp\/v2\/media?parent=241516"}],"wp:term":[{"taxonomy":"category","embeddable":true,"href":"https:\/\/www.nationalturk.com\/tr\/wp-json\/wp\/v2\/categories?post=241516"},{"taxonomy":"post_tag","embeddable":true,"href":"https:\/\/www.nationalturk.com\/tr\/wp-json\/wp\/v2\/tags?post=241516"}],"curies":[{"name":"wp","href":"https:\/\/api.w.org\/{rel}","templated":true}]}}