{"id":241686,"date":"2016-11-08T17:45:11","date_gmt":"2016-11-08T14:45:11","guid":{"rendered":"http:\/\/www.nationalturk.com\/?p=241686"},"modified":"2016-11-08T17:45:11","modified_gmt":"2016-11-08T14:45:11","slug":"diplomatik-zafer-alman-bakani-telefonda-beklettim","status":"publish","type":"post","link":"https:\/\/www.nationalturk.com\/tr\/diplomatik-zafer-alman-bakani-telefonda-beklettim\/","title":{"rendered":"Diplomatik zafer! &#8220;Alman bakan\u0131 telefonda beklettim&#8221;"},"content":{"rendered":"<h1>D\u0131\u015fi\u015fleri Bakan\u0131 Mevl\u00fct \u00c7avu\u015fo\u011flu Almanya D\u0131\u015fi\u015fleri Bakan\u0131\u2019n telefonda bekletti\u011fi iddialar\u0131 hakk\u0131nda a\u00e7\u0131klama yapt\u0131.<\/h1>\n<p>Gazetecilerin sorular\u0131n\u0131 yan\u0131tlayan \u00c7avu\u015fo\u011flu, bir bas\u0131n mensubunun &#8220;Alman D\u0131\u015fi\u015fleri Bakan\u0131&#8217;n\u0131 telefonda beklettiniz mi?&#8217; sorusu \u00fczerine \u015funlar\u0131 s\u00f6yledi:<\/p>\n<p>&#8221;\u015eimdi bak\u0131yorsunuz Almanya t\u00fcm ter\u00f6r \u00f6rg\u00fctlerine kucak a\u00e7m\u0131\u015f. 4 bin PKK&#8217;l\u0131y\u0131 istedik vermediler. \u015eimdi bu t\u00fcr devletlerin bakanlar\u0131 ne d\u00fc\u015f\u00fcn\u00fcyor acaba? Ben Almanya&#8217;n\u0131n D\u0131\u015fi\u015fleri Bakan\u0131&#8217;y\u0131m arad\u0131\u011f\u0131m zaman herkesle g\u00f6r\u00fc\u015f\u00fcr\u00fcm. B\u00f6yle bir \u015fey yok. Biz ne zaman m\u00fcsait olursak o zaman g\u00f6r\u00fc\u015f\u00fcr\u00fcz.&#8221; dedi.<\/p>\n<!-- Error, Advert is not available at this time due to schedule\/geolocation restrictions! -->\n","protected":false},"excerpt":{"rendered":"<p>D\u0131\u015fi\u015fleri Bakan\u0131 Mevl\u00fct \u00c7avu\u015fo\u011flu Almanya D\u0131\u015fi\u015fleri Bakan\u0131\u2019n telefonda bekletti\u011fi iddialar\u0131 hakk\u0131nda a\u00e7\u0131klama yapt\u0131. Gazetecilerin sorular\u0131n\u0131 yan\u0131tlayan \u00c7avu\u015fo\u011flu, bir bas\u0131n mensubunun &#8220;Alman D\u0131\u015fi\u015fleri Bakan\u0131&#8217;n\u0131 telefonda beklettiniz mi?&#8217; sorusu \u00fczerine \u015funlar\u0131 s\u00f6yledi: &#8221;\u015eimdi bak\u0131yorsunuz Almanya t\u00fcm ter\u00f6r \u00f6rg\u00fctlerine kucak a\u00e7m\u0131\u015f. 4 bin PKK&#8217;l\u0131y\u0131 istedik vermediler. \u015eimdi bu t\u00fcr devletlerin bakanlar\u0131 ne d\u00fc\u015f\u00fcn\u00fcyor acaba? Ben Almanya&#8217;n\u0131n D\u0131\u015fi\u015fleri Bakan\u0131&#8217;y\u0131m &hellip;<\/p>\n","protected":false},"author":4,"featured_media":241687,"comment_status":"open","ping_status":"open","sticky":false,"template":"","format":"standard","meta":{"_acf_changed":false,"footnotes":""},"categories":[763],"tags":[2174,51365,49088,5592],"class_list":["post-241686","post","type-post","status-publish","format-standard","has-post-thumbnail","hentry","category-gunun-olayi","tag-almanya","tag-disisleri","tag-mevlut-cavusoglu","tag-pkk"],"acf":[],"_links":{"self":[{"href":"https:\/\/www.nationalturk.com\/tr\/wp-json\/wp\/v2\/posts\/241686","targetHints":{"allow":["GET"]}}],"collection":[{"href":"https:\/\/www.nationalturk.com\/tr\/wp-json\/wp\/v2\/posts"}],"about":[{"href":"https:\/\/www.nationalturk.com\/tr\/wp-json\/wp\/v2\/types\/post"}],"author":[{"embeddable":true,"href":"https:\/\/www.nationalturk.com\/tr\/wp-json\/wp\/v2\/users\/4"}],"replies":[{"embeddable":true,"href":"https:\/\/www.nationalturk.com\/tr\/wp-json\/wp\/v2\/comments?post=241686"}],"version-history":[{"count":0,"href":"https:\/\/www.nationalturk.com\/tr\/wp-json\/wp\/v2\/posts\/241686\/revisions"}],"wp:featuredmedia":[{"embeddable":true,"href":"https:\/\/www.nationalturk.com\/tr\/wp-json\/wp\/v2\/media\/241687"}],"wp:attachment":[{"href":"https:\/\/www.nationalturk.com\/tr\/wp-json\/wp\/v2\/media?parent=241686"}],"wp:term":[{"taxonomy":"category","embeddable":true,"href":"https:\/\/www.nationalturk.com\/tr\/wp-json\/wp\/v2\/categories?post=241686"},{"taxonomy":"post_tag","embeddable":true,"href":"https:\/\/www.nationalturk.com\/tr\/wp-json\/wp\/v2\/tags?post=241686"}],"curies":[{"name":"wp","href":"https:\/\/api.w.org\/{rel}","templated":true}]}}