{"id":241892,"date":"2016-11-14T16:23:35","date_gmt":"2016-11-14T13:23:35","guid":{"rendered":"http:\/\/www.nationalturk.com\/?p=241892"},"modified":"2016-11-14T16:23:35","modified_gmt":"2016-11-14T13:23:35","slug":"bombayi-kaymakamlik-gorevlisi-mi-yerlestirdi","status":"publish","type":"post","link":"https:\/\/www.nationalturk.com\/tr\/bombayi-kaymakamlik-gorevlisi-mi-yerlestirdi\/","title":{"rendered":"Bombay\u0131 kaymakaml\u0131k g\u00f6revlisi mi yerle\u015ftirdi?"},"content":{"rendered":"<h1>Derik Kaymakam\u0131 Safit\u00fcrk&#8217;\u00fcn \u015fehit oldu\u011fu sald\u0131r\u0131da kullan\u0131lan bomban\u0131n kaymakaml\u0131k g\u00f6revlilerince odas\u0131na yerle\u015ftirildi\u011fi ve infilak ettirildi\u011fi \u00f6ne s\u00fcr\u00fcld\u00fc.<\/h1>\n<p>Mardin&#8217;de ter\u00f6r \u00f6rg\u00fct\u00fc PKK mensuplar\u0131nca ger\u00e7ekle\u015ftirilen ve Derik Kaymakam\u0131 Muhammet Fatih Safit\u00fcrk&#8217;\u00fcn \u015fehit oldu\u011fu sald\u0131r\u0131da makam odas\u0131na tuzaklanan patlay\u0131c\u0131y\u0131 kaymakaml\u0131k g\u00f6revlilerinin yerle\u015ftirdi\u011fi \u00f6ne s\u00fcr\u00fcld\u00fc.<\/p>\n<p>PKK&#8217;l\u0131 ter\u00f6ristlerce el yap\u0131m\u0131 patlay\u0131c\u0131yla d\u00fczenlenen ve Kaymakam Safit\u00fcrk&#8217;\u00fcn \u015fehit olmas\u0131yla sonu\u00e7lanan sald\u0131r\u0131n\u0131n ard\u0131ndan Mardin ve Derik Cumhuriyet ba\u015fsavc\u0131l\u0131klar\u0131nca ba\u015flat\u0131lan soru\u015fturma s\u00fcr\u00fcyor. Soru\u015fturma kapsam\u0131nda g\u00fcvenlik g\u00fc\u00e7lerince il\u00e7e genelinde ger\u00e7ekle\u015ftirilen operasyonda aralar\u0131nda kaymakaml\u0131k \u00e7al\u0131\u015fanlar\u0131n\u0131n da yer ald\u0131\u011f\u0131 \u015f\u00fcphelilerin emniyetteki i\u015flemleri devam ediyor.<\/p>\n<!-- Error, Advert is not available at this time due to schedule\/geolocation restrictions! -->\n<p>\u015e\u00fcphelilerin sorgusundaki ifadelerine g\u00f6re, Derik Kaymakaml\u0131k Yaz\u0131 \u0130\u015fleri M\u00fcd\u00fcr\u00fc T.E&#8217;nin ye\u011feni olan Yaz\u0131 \u0130\u015fleri \u015eefi \u015e.M, kaymakaml\u0131k g\u00f6revlileri F.B, N.E, Z.D ve Z.E&#8217;nin bulundu\u011fu s\u0131rada, &#8220;Kargoyla bomba gelece\u011fini, 10 Kas\u0131m g\u00fcn\u00fc kaymakam beyin odas\u0131nda patlatacaklar\u0131n\u0131&#8221; s\u00f6yledi.<\/p>\n<p>Ard\u0131ndan 8 Kas\u0131m&#8217;da \u015e.M, kimli\u011fini verdi\u011fi personel arac\u0131l\u0131\u011f\u0131yla kargoyu kaymakaml\u0131\u011fa getirtti. Paketten bombay\u0131 \u00e7\u0131karan \u015e.M, odaya birilerinin gelmesini \u00f6nlemek amac\u0131yla tuvaletin yan\u0131nda bekletti\u011fi g\u00f6revliye, i\u00e7eriye kimseyi ald\u0131rmamas\u0131 talimat\u0131n\u0131 verdikten sonra Kaymakam Safit\u00fcrk&#8217;\u00fcn odas\u0131na girip bombay\u0131 yerle\u015ftirdi.<\/p>\n<p>\u015e.M, daha sonra s\u00f6z konusu g\u00f6revlilerle bir araya gelip patlaman\u0131n ard\u0131ndan evlerine gitmelerini s\u00f6yledi, olay\u0131n ard\u0131ndan konu\u015fan olursa \u00f6ld\u00fcrmekle tehdit etti.<\/p>\n<p>\u015e\u00fcpheliler sorgular\u0131nda, olay g\u00fcn\u00fc Yaz\u0131 \u0130\u015fleri M\u00fcd\u00fcr\u00fc T.E&#8217;nin Derik Belediyesi Zab\u0131ta Amiri V.E&#8217;ye bir ka\u011f\u0131t i\u00e7erisinde kumandaya benzer bir \u015fey verdi\u011fini g\u00f6rd\u00fcklerini, ard\u0131ndan patlaman\u0131n meydana geldi\u011fini ifade etti.<\/p>\n<p>Sakarya&#8217;daki cenaze t\u00f6renine kat\u0131ld\u0131<br \/>\nBunun \u00fczerine soru\u015fturma kapsam\u0131nda Derik Kaymakaml\u0131\u011f\u0131 Yaz\u0131 \u0130\u015fleri M\u00fcd\u00fcr\u00fc T.E&#8217;nin hakk\u0131nda yakalama karar\u0131 verildi. Ancak, \u015fehit Kaymakam Safit\u00fcrk&#8217;\u00fcn Sakarya&#8217;daki cenaze namaz\u0131na kat\u0131lan ve g\u00f6zya\u015flar\u0131 d\u00f6ken T.E&#8217;nin burada g\u00f6zalt\u0131na al\u0131nmas\u0131 durumunda toplumsal olaylar\u0131n ya\u015fanabilece\u011fi de\u011ferlendirilmesi \u00fczerine, T.E takibe al\u0131narak \u0130stanbul&#8217;da g\u00f6zalt\u0131na al\u0131nd\u0131.<\/p>\n<p>PKK&#8217;l\u0131 ter\u00f6ristin karde\u015fi ortaya \u00e7\u0131kmas\u0131n diye soy ismini de\u011fi\u015ftirmi\u015f<br \/>\nSoru\u015fturmada, bombay\u0131 odaya yerle\u015ftirdi\u011fi \u00f6ne s\u00fcr\u00fclen Yaz\u0131 \u0130\u015fleri \u015eefi \u015e.M&#8217;nin Diyarbak\u0131r&#8217;da 3 ton patlay\u0131c\u0131n\u0131n bulundu\u011fu ara\u00e7ta yakalanan PKK&#8217;l\u0131 ter\u00f6rist Ozan \u00c7elik&#8217;in karde\u015fi oldu\u011fu, bu nedenle soy ismini de\u011fi\u015ftirdi\u011fi bildirildi.<\/p>\n<p>Olay yeri inceleme ekiplerince yap\u0131lan \u00e7al\u0131\u015fmada elde edilen deliller sonucu, makam odas\u0131na tuzaklanan patlay\u0131c\u0131n\u0131n uzaktan kumandayla kaymakaml\u0131k binas\u0131n\u0131n i\u00e7inden infilak ettirildi\u011fi belirlendi.<\/p>\n<!-- Error, Advert is not available at this time due to schedule\/geolocation restrictions! -->\n","protected":false},"excerpt":{"rendered":"<p>Derik Kaymakam\u0131 Safit\u00fcrk&#8217;\u00fcn \u015fehit oldu\u011fu sald\u0131r\u0131da kullan\u0131lan bomban\u0131n kaymakaml\u0131k g\u00f6revlilerince odas\u0131na yerle\u015ftirildi\u011fi ve infilak ettirildi\u011fi \u00f6ne s\u00fcr\u00fcld\u00fc. Mardin&#8217;de ter\u00f6r \u00f6rg\u00fct\u00fc PKK mensuplar\u0131nca ger\u00e7ekle\u015ftirilen ve Derik Kaymakam\u0131 Muhammet Fatih Safit\u00fcrk&#8217;\u00fcn \u015fehit oldu\u011fu sald\u0131r\u0131da makam odas\u0131na tuzaklanan patlay\u0131c\u0131y\u0131 kaymakaml\u0131k g\u00f6revlilerinin yerle\u015ftirdi\u011fi \u00f6ne s\u00fcr\u00fcld\u00fc. PKK&#8217;l\u0131 ter\u00f6ristlerce el yap\u0131m\u0131 patlay\u0131c\u0131yla d\u00fczenlenen ve Kaymakam Safit\u00fcrk&#8217;\u00fcn \u015fehit olmas\u0131yla sonu\u00e7lanan sald\u0131r\u0131n\u0131n ard\u0131ndan &hellip;<\/p>\n","protected":false},"author":4,"featured_media":241893,"comment_status":"open","ping_status":"open","sticky":false,"template":"","format":"standard","meta":{"_acf_changed":false,"footnotes":""},"categories":[6155,5005,349,6805],"tags":[46871,2204],"class_list":["post-241892","post","type-post","status-publish","format-standard","has-post-thumbnail","hentry","category-gundem","category-manset","category-son-dakika","category-turkiye","tag-derik","tag-mardin"],"acf":[],"_links":{"self":[{"href":"https:\/\/www.nationalturk.com\/tr\/wp-json\/wp\/v2\/posts\/241892","targetHints":{"allow":["GET"]}}],"collection":[{"href":"https:\/\/www.nationalturk.com\/tr\/wp-json\/wp\/v2\/posts"}],"about":[{"href":"https:\/\/www.nationalturk.com\/tr\/wp-json\/wp\/v2\/types\/post"}],"author":[{"embeddable":true,"href":"https:\/\/www.nationalturk.com\/tr\/wp-json\/wp\/v2\/users\/4"}],"replies":[{"embeddable":true,"href":"https:\/\/www.nationalturk.com\/tr\/wp-json\/wp\/v2\/comments?post=241892"}],"version-history":[{"count":0,"href":"https:\/\/www.nationalturk.com\/tr\/wp-json\/wp\/v2\/posts\/241892\/revisions"}],"wp:featuredmedia":[{"embeddable":true,"href":"https:\/\/www.nationalturk.com\/tr\/wp-json\/wp\/v2\/media\/241893"}],"wp:attachment":[{"href":"https:\/\/www.nationalturk.com\/tr\/wp-json\/wp\/v2\/media?parent=241892"}],"wp:term":[{"taxonomy":"category","embeddable":true,"href":"https:\/\/www.nationalturk.com\/tr\/wp-json\/wp\/v2\/categories?post=241892"},{"taxonomy":"post_tag","embeddable":true,"href":"https:\/\/www.nationalturk.com\/tr\/wp-json\/wp\/v2\/tags?post=241892"}],"curies":[{"name":"wp","href":"https:\/\/api.w.org\/{rel}","templated":true}]}}