{"id":242133,"date":"2016-11-18T16:21:36","date_gmt":"2016-11-18T13:21:36","guid":{"rendered":"http:\/\/www.nationalturk.com\/?p=242133"},"modified":"2016-11-18T16:21:36","modified_gmt":"2016-11-18T13:21:36","slug":"3-gunde-365-kisi-oldu","status":"publish","type":"post","link":"https:\/\/www.nationalturk.com\/tr\/3-gunde-365-kisi-oldu\/","title":{"rendered":"3 g\u00fcnde 365 ki\u015fi \u00f6ld\u00fc"},"content":{"rendered":"<h1>Uluslararas\u0131 G\u00f6\u00e7 \u00d6rg\u00fct\u00fc, son 3 g\u00fcnde Akdeniz&#8217;de ya\u015fam\u0131n\u0131 yitiren s\u0131\u011f\u0131nmac\u0131 say\u0131s\u0131n\u0131n 365&#8217;e ula\u015ft\u0131\u011f\u0131n\u0131 a\u00e7\u0131klad\u0131.<\/h1>\n<p>Uluslararas\u0131 G\u00f6\u00e7 \u00d6rg\u00fct\u00fc (IOM) S\u00f6zc\u00fcs\u00fc Leonard Doyle, BM Cenevre Ofisi&#8217;nde d\u00fczenlenen bas\u0131n toplant\u0131s\u0131nda, 2016&#8217;da \u015fu ana kadar 4 bin 621 s\u0131\u011f\u0131nmac\u0131n\u0131n ya\u015fam\u0131n\u0131 yitirdi\u011fini belirterek, &#8220;Bu ger\u00e7ek anlamda bir felakettir.&#8221; dedi.<\/p>\n<p>Ge\u00e7en y\u0131l\u0131n toplam\u0131nda 3 bin 777 s\u0131\u011f\u0131nmac\u0131n\u0131n Avrupa&#8217;ya ula\u015fmak i\u00e7in Akdeniz&#8217;de can verdi\u011fini an\u0131msatan Doyle, sadece son 3 g\u00fcnde 6 de\u011fi\u015fik olayda 365 s\u0131\u011f\u0131nmac\u0131n\u0131n daha hayat\u0131n\u0131 kaybetti\u011fini aktard\u0131.<\/p>\n<p>Doyle, kas\u0131m ay\u0131nda ge\u00e7en y\u0131l\u0131n ayn\u0131 d\u00f6nemine g\u00f6re daha fazla s\u0131\u011f\u0131nmac\u0131n\u0131n hayat\u0131n\u0131 kaybetti\u011finin alt\u0131n\u0131 \u00e7izerek, ya\u015fanan son \u00f6l\u00fcmlerin k\u00f6t\u00fc hava ve sert deniz ko\u015fullar\u0131ndan kaynaklanan kazalardan dolay\u0131 meydana geldi\u011fini ifade etti.<\/p>\n<p>\u00c7o\u011funlu\u011fu Yunanistan ve \u0130talya olmak \u00fczere 2016&#8217;da 343 bin 589 s\u0131\u011f\u0131nmac\u0131n\u0131n deniz yoluyla Avrupa&#8217;ya ula\u015ft\u0131\u011f\u0131n\u0131 kaydeden Doyle, \u015fu ana kadar Yunanistan&#8217;a 170 bin 679, \u0130talya&#8217;ya ise 167 bin 276 s\u0131\u011f\u0131nmac\u0131n\u0131n giri\u015f yapt\u0131\u011f\u0131n\u0131 bildirdi.<\/p>\n<p>S\u00f6zc\u00fc Doyle, 2015&#8217;te 1 Kas\u0131m itibar\u0131yla Avrupa&#8217;ya gelen s\u0131\u011f\u0131nmac\u0131 say\u0131s\u0131n\u0131n 728 bin 976 olmas\u0131na ra\u011fmen, bu y\u0131l artan \u00f6l\u00fcm oran\u0131na dikkati \u00e7ekti.<\/p>\n<!-- Error, Advert is not available at this time due to schedule\/geolocation restrictions! -->\n","protected":false},"excerpt":{"rendered":"<p>Uluslararas\u0131 G\u00f6\u00e7 \u00d6rg\u00fct\u00fc, son 3 g\u00fcnde Akdeniz&#8217;de ya\u015fam\u0131n\u0131 yitiren s\u0131\u011f\u0131nmac\u0131 say\u0131s\u0131n\u0131n 365&#8217;e ula\u015ft\u0131\u011f\u0131n\u0131 a\u00e7\u0131klad\u0131. Uluslararas\u0131 G\u00f6\u00e7 \u00d6rg\u00fct\u00fc (IOM) S\u00f6zc\u00fcs\u00fc Leonard Doyle, BM Cenevre Ofisi&#8217;nde d\u00fczenlenen bas\u0131n toplant\u0131s\u0131nda, 2016&#8217;da \u015fu ana kadar 4 bin 621 s\u0131\u011f\u0131nmac\u0131n\u0131n ya\u015fam\u0131n\u0131 yitirdi\u011fini belirterek, &#8220;Bu ger\u00e7ek anlamda bir felakettir.&#8221; dedi. Ge\u00e7en y\u0131l\u0131n toplam\u0131nda 3 bin 777 s\u0131\u011f\u0131nmac\u0131n\u0131n Avrupa&#8217;ya ula\u015fmak i\u00e7in Akdeniz&#8217;de &hellip;<\/p>\n","protected":false},"author":4,"featured_media":242134,"comment_status":"open","ping_status":"open","sticky":false,"template":"","format":"standard","meta":{"_acf_changed":false,"footnotes":""},"categories":[6155,5005],"tags":[1473,10,203721,206394,1202],"class_list":["post-242133","post","type-post","status-publish","format-standard","has-post-thumbnail","hentry","category-gundem","category-manset","tag-akdeniz","tag-italya","tag-siginmacilar","tag-uluslararasi-goc-orgutu","tag-yunanistan"],"acf":[],"_links":{"self":[{"href":"https:\/\/www.nationalturk.com\/tr\/wp-json\/wp\/v2\/posts\/242133","targetHints":{"allow":["GET"]}}],"collection":[{"href":"https:\/\/www.nationalturk.com\/tr\/wp-json\/wp\/v2\/posts"}],"about":[{"href":"https:\/\/www.nationalturk.com\/tr\/wp-json\/wp\/v2\/types\/post"}],"author":[{"embeddable":true,"href":"https:\/\/www.nationalturk.com\/tr\/wp-json\/wp\/v2\/users\/4"}],"replies":[{"embeddable":true,"href":"https:\/\/www.nationalturk.com\/tr\/wp-json\/wp\/v2\/comments?post=242133"}],"version-history":[{"count":0,"href":"https:\/\/www.nationalturk.com\/tr\/wp-json\/wp\/v2\/posts\/242133\/revisions"}],"wp:featuredmedia":[{"embeddable":true,"href":"https:\/\/www.nationalturk.com\/tr\/wp-json\/wp\/v2\/media\/242134"}],"wp:attachment":[{"href":"https:\/\/www.nationalturk.com\/tr\/wp-json\/wp\/v2\/media?parent=242133"}],"wp:term":[{"taxonomy":"category","embeddable":true,"href":"https:\/\/www.nationalturk.com\/tr\/wp-json\/wp\/v2\/categories?post=242133"},{"taxonomy":"post_tag","embeddable":true,"href":"https:\/\/www.nationalturk.com\/tr\/wp-json\/wp\/v2\/tags?post=242133"}],"curies":[{"name":"wp","href":"https:\/\/api.w.org\/{rel}","templated":true}]}}