{"id":24219,"date":"2010-05-20T17:16:00","date_gmt":"2010-05-20T15:16:00","guid":{"rendered":"http:\/\/www.nationalturk.com\/?p=24219"},"modified":"2010-05-20T17:16:58","modified_gmt":"2010-05-20T15:16:58","slug":"f-1-pilotlari-sahaya-cikiyor-2678901","status":"publish","type":"post","link":"https:\/\/www.nationalturk.com\/tr\/f-1-pilotlari-sahaya-cikiyor-2678901\/","title":{"rendered":"F 1 Pilotlar\u0131 Ali Sami Yen&#8217;de sahaya \u00e7\u0131k\u0131yor"},"content":{"rendered":"<p><strong><a href=\"http:\/\/www.nationalturk.com\/tr\/wp-content\/uploads\/2010\/05\/alonso.massa1_.nationalturk.jpg\"><img loading=\"lazy\" decoding=\"async\" class=\"alignleft size-medium wp-image-24225\" src=\"http:\/\/www.nationalturk.com\/tr\/wp-content\/uploads\/2010\/05\/alonso.massa1_.nationalturk-e1274368418290-280x190.jpg\" alt=\"\" width=\"280\" height=\"190\" title=\"\"><\/a>\u0130stanbul&#8217;da d\u00fczenlenecek Formula 1 yar\u0131\u015f\u0131 \u00f6ncesi pilotlarla T\u00fcrkiye&#8217;nin \u00fcnl\u00fclerini kar\u015f\u0131 kar\u015f\u0131ya getirecek All Stars futbol ma\u00e7\u0131 26 May\u0131s \u00c7ar\u015famba g\u00fcn\u00fc yap\u0131lacak.<\/strong><\/p>\n<p>T\u00fcrkiye Otomobil Sporlar\u0131 Federasyonu (TOSFED) taraf\u0131ndan bu y\u0131l d\u00f6rd\u00fcnc\u00fcs\u00fc ger\u00e7ekle\u015ftirilecek &#8221;Formula Futbol \u015e\u00f6leni&#8221;nde d\u00fcnyan\u0131n en h\u0131zl\u0131 pilotlar\u0131n\u0131n olu\u015fturdu\u011fu tak\u0131m ile T\u00fcrkiye&#8217;nin \u00e7e\u015fitli alanlardaki en \u00fcnl\u00fc isimlerinin bulu\u015ftu\u011fu All Stars tak\u0131mlar\u0131n\u0131n ye\u015fil sahalardaki m\u00fccadelesi 26 May\u0131s \u00c7ar\u015famba g\u00fcn\u00fc saat 20.00&#8217;de Ali Sami Yen Stad\u0131&#8217;nda yap\u0131lacak.\u00a0Biletix&#8217;te (www.biletix.com) 10 ve 20 TL&#8217;den sat\u0131\u015fa sunulan t\u00fcm bilet gelirlerinin yar\u0131s\u0131 UNICEF T\u00fcrkiye, di\u011fer yar\u0131s\u0131 ise T\u00fcrkiye Korunmaya Muhta\u00e7 \u00c7ocuklar Vakf\u0131&#8217;na ba\u011f\u0131\u015flanacak.<\/p>\n<p>Bu arada, 3 y\u0131ll\u0131k aradan sonra pistlere d\u00f6nen Alman pilot Michael Schumacher&#8217;in de formula pilotlar\u0131 tak\u0131m\u0131nda yer alaca\u011f\u0131 bildirildi. Schumacher&#8217;in yan\u0131 s\u0131ra Fernando Alonso, Felipe Massa, Nico Rosberg ve Sebastien Vettel gibi y\u0131ld\u0131z isimler de Istanbul Park&#8217;tan \u00f6nce ye\u015fil sahalara \u00e7\u0131kacaklar.\u00a0Formula 1 pilotlar\u0131n\u0131n kar\u015f\u0131s\u0131ndaki tak\u0131mda da Ege, Y\u0131lmaz Erdo\u011fan, Sarp Apak, Kerem Al\u0131\u015f\u0131k, Bedri Baykam, Hakan \u015e\u00fck\u00fcr, Tugay Kerimo\u011flu ve \u0130lyas T\u00fcfek\u00e7i gibi sinema, tiyatro, m\u00fczik ve futbol d\u00fcnyas\u0131n\u0131n \u00fcnl\u00fc isimleri yer alacak.<\/p>\n<span style=\"font-weight: bold; color: #f00;\">Error, group does not exist! Check your syntax! (ID: 94)<\/span>\n<span style=\"font-weight: bold; color: #f00;\">Error, group does not exist! Check your syntax! (ID: 68)<\/span>\n","protected":false},"excerpt":{"rendered":"<p>\u0130stanbul&#8217;da d\u00fczenlenecek Formula 1 yar\u0131\u015f\u0131 \u00f6ncesi pilotlarla T\u00fcrkiye&#8217;nin \u00fcnl\u00fclerini kar\u015f\u0131 kar\u015f\u0131ya getirecek All Stars futbol ma\u00e7\u0131 26 May\u0131s \u00c7ar\u015famba g\u00fcn\u00fc yap\u0131lacak.<\/p>\n","protected":false},"author":28,"featured_media":191748,"comment_status":"open","ping_status":"open","sticky":false,"template":"","format":"standard","meta":{"_acf_changed":false,"footnotes":""},"categories":[8247,6194],"tags":[26259,22533,26257,26265,26270,26263,26031,26256,14769,26266,2480,26262,26271,26273,1011,26267,26269,5824,9672,26258,9538,5943,26261,26272,195938,26264,26260,26268],"class_list":["post-24219","post","type-post","status-publish","format-standard","has-post-thumbnail","hentry","category-formula-1","category-spor","tag-26-mayis-carsamba","tag-ali-sami-yen-stadi","tag-all-stars","tag-alman-pilot","tag-bedri-baykam","tag-biletler-10-ve-20-tl","tag-ege","tag-f1-pilotlari-sahaya-cikiyor","tag-fernando-alonso","tag-filipe-massa","tag-formula-1","tag-formula-futbol-soleni","tag-hakan-sukur","tag-ilyas-tufekci","tag-istanbul","tag-istanbul-park","tag-kerem-alisik","tag-michael-schumacher","tag-nico-rosberg","tag-pilotlar-turk-unlulerle-mac-yapacak","tag-sarp-apak","tag-sebastian-vettel","tag-tosfed","tag-tugay-kerimoglu","tag-turkiye","tag-turkiye-korunmaya-muhtac-cocuklar-vakfi","tag-turkiye-otomobil-sporlari-federasyonu","tag-yilmaz-erdogan"],"acf":[],"_links":{"self":[{"href":"https:\/\/www.nationalturk.com\/tr\/wp-json\/wp\/v2\/posts\/24219","targetHints":{"allow":["GET"]}}],"collection":[{"href":"https:\/\/www.nationalturk.com\/tr\/wp-json\/wp\/v2\/posts"}],"about":[{"href":"https:\/\/www.nationalturk.com\/tr\/wp-json\/wp\/v2\/types\/post"}],"author":[{"embeddable":true,"href":"https:\/\/www.nationalturk.com\/tr\/wp-json\/wp\/v2\/users\/28"}],"replies":[{"embeddable":true,"href":"https:\/\/www.nationalturk.com\/tr\/wp-json\/wp\/v2\/comments?post=24219"}],"version-history":[{"count":0,"href":"https:\/\/www.nationalturk.com\/tr\/wp-json\/wp\/v2\/posts\/24219\/revisions"}],"wp:featuredmedia":[{"embeddable":true,"href":"https:\/\/www.nationalturk.com\/tr\/wp-json\/wp\/v2\/media\/191748"}],"wp:attachment":[{"href":"https:\/\/www.nationalturk.com\/tr\/wp-json\/wp\/v2\/media?parent=24219"}],"wp:term":[{"taxonomy":"category","embeddable":true,"href":"https:\/\/www.nationalturk.com\/tr\/wp-json\/wp\/v2\/categories?post=24219"},{"taxonomy":"post_tag","embeddable":true,"href":"https:\/\/www.nationalturk.com\/tr\/wp-json\/wp\/v2\/tags?post=24219"}],"curies":[{"name":"wp","href":"https:\/\/api.w.org\/{rel}","templated":true}]}}