{"id":242264,"date":"2016-11-22T10:14:23","date_gmt":"2016-11-22T07:14:23","guid":{"rendered":"http:\/\/www.nationalturk.com\/?p=242264"},"modified":"2016-11-22T10:14:23","modified_gmt":"2016-11-22T07:14:23","slug":"jurgen-klinsmann-kovuldu","status":"publish","type":"post","link":"https:\/\/www.nationalturk.com\/tr\/jurgen-klinsmann-kovuldu\/","title":{"rendered":"J\u00fcrgen Klinsmann kovuldu"},"content":{"rendered":"<h1>ABD Milli Futbol Tak\u0131m\u0131 Ba\u015fkan\u0131 Sunil Gulati, Alman teknik direkt\u00f6r J\u00fcrgen Klinsmann ile yollar\u0131n\u0131 ay\u0131rd\u0131klar\u0131n\u0131 duyurdu.<\/h1>\n<p>ABD Futbol Federasyonundan yap\u0131lan a\u00e7\u0131klamada, 52 ya\u015f\u0131ndaki Alman teknik adamla devam etmeme karar\u0131 al\u0131nd\u0131\u011f\u0131 belirtildi. Ayr\u0131ca, konuyla ilgili ayr\u0131nt\u0131lar\u0131n yak\u0131n zamanda duyurulaca\u011f\u0131 kaydedildi.<\/p>\n<p>Ba\u015fkan Gulati ise zor bir karar verdiklerini ve son 5 y\u0131ld\u0131r Klinsmann&#8217;\u0131n \u00e7al\u0131\u015fmalar\u0131ndan dolay\u0131 teknik adama te\u015fekk\u00fcr etti\u011fini ifade etti.<\/p>\n<p>ABD Milli Tak\u0131m\u0131 ge\u00e7ti\u011fimiz hafta 2018 FIFA D\u00fcnya Kupas\u0131 eleme grubu ma\u00e7\u0131nda Kosta Rika&#8217;ya 4-0 ma\u011flup olmu\u015ftu.<\/p>\n<p>Alman futbolunun efsane isimlerinden J\u00fcrgen Klinsmann, daha \u00f6nce Almanya Milli Tak\u0131m\u0131 ve Bayern M\u00fcnih&#8217;i \u00e7al\u0131\u015ft\u0131rm\u0131\u015f, 2011 y\u0131l\u0131nda ABD Milli Tak\u0131m\u0131&#8217;n\u0131n ba\u015f\u0131na ge\u00e7mi\u015fti.<\/p>\n<!-- Error, Advert is not available at this time due to schedule\/geolocation restrictions! -->\n","protected":false},"excerpt":{"rendered":"<p>ABD Milli Futbol Tak\u0131m\u0131 Ba\u015fkan\u0131 Sunil Gulati, Alman teknik direkt\u00f6r J\u00fcrgen Klinsmann ile yollar\u0131n\u0131 ay\u0131rd\u0131klar\u0131n\u0131 duyurdu. ABD Futbol Federasyonundan yap\u0131lan a\u00e7\u0131klamada, 52 ya\u015f\u0131ndaki Alman teknik adamla devam etmeme karar\u0131 al\u0131nd\u0131\u011f\u0131 belirtildi. Ayr\u0131ca, konuyla ilgili ayr\u0131nt\u0131lar\u0131n yak\u0131n zamanda duyurulaca\u011f\u0131 kaydedildi. Ba\u015fkan Gulati ise zor bir karar verdiklerini ve son 5 y\u0131ld\u0131r Klinsmann&#8217;\u0131n \u00e7al\u0131\u015fmalar\u0131ndan dolay\u0131 teknik adama &hellip;<\/p>\n","protected":false},"author":4,"featured_media":242265,"comment_status":"open","ping_status":"open","sticky":false,"template":"","format":"standard","meta":{"_acf_changed":false,"footnotes":""},"categories":[6774,5005,6194],"tags":[1887,27809,10140],"class_list":["post-242264","post","type-post","status-publish","format-standard","has-post-thumbnail","hentry","category-futbol","category-manset","category-spor","tag-abd","tag-abd-milli-takimi","tag-bayern-munih"],"acf":[],"_links":{"self":[{"href":"https:\/\/www.nationalturk.com\/tr\/wp-json\/wp\/v2\/posts\/242264","targetHints":{"allow":["GET"]}}],"collection":[{"href":"https:\/\/www.nationalturk.com\/tr\/wp-json\/wp\/v2\/posts"}],"about":[{"href":"https:\/\/www.nationalturk.com\/tr\/wp-json\/wp\/v2\/types\/post"}],"author":[{"embeddable":true,"href":"https:\/\/www.nationalturk.com\/tr\/wp-json\/wp\/v2\/users\/4"}],"replies":[{"embeddable":true,"href":"https:\/\/www.nationalturk.com\/tr\/wp-json\/wp\/v2\/comments?post=242264"}],"version-history":[{"count":0,"href":"https:\/\/www.nationalturk.com\/tr\/wp-json\/wp\/v2\/posts\/242264\/revisions"}],"wp:featuredmedia":[{"embeddable":true,"href":"https:\/\/www.nationalturk.com\/tr\/wp-json\/wp\/v2\/media\/242265"}],"wp:attachment":[{"href":"https:\/\/www.nationalturk.com\/tr\/wp-json\/wp\/v2\/media?parent=242264"}],"wp:term":[{"taxonomy":"category","embeddable":true,"href":"https:\/\/www.nationalturk.com\/tr\/wp-json\/wp\/v2\/categories?post=242264"},{"taxonomy":"post_tag","embeddable":true,"href":"https:\/\/www.nationalturk.com\/tr\/wp-json\/wp\/v2\/tags?post=242264"}],"curies":[{"name":"wp","href":"https:\/\/api.w.org\/{rel}","templated":true}]}}