{"id":24233,"date":"2010-05-20T18:04:44","date_gmt":"2010-05-20T16:04:44","guid":{"rendered":"http:\/\/www.nationalturk.com\/?p=24233"},"modified":"2010-05-20T18:06:29","modified_gmt":"2010-05-20T16:06:29","slug":"galatasarayda-caner-ve-kewell-yolcu-5763901","status":"publish","type":"post","link":"https:\/\/www.nationalturk.com\/tr\/galatasarayda-caner-ve-kewell-yolcu-5763901\/","title":{"rendered":"Galatasaray&#8217;da Caner ve Kewell&#8217;\u0131n bileti kesildi"},"content":{"rendered":"<p><strong><a href=\"http:\/\/www.nationalturk.com\/tr\/wp-content\/uploads\/2010\/05\/canererkin.nationalturk.jpg\"><img loading=\"lazy\" decoding=\"async\" class=\"alignleft size-medium wp-image-24235\" title=\"Caner Erkin.nationalturk\" src=\"http:\/\/www.nationalturk.com\/tr\/wp-content\/uploads\/2010\/05\/canererkin.nationalturk-280x212.jpg\" alt=\"\" width=\"280\" height=\"212\"><\/a>Galatasaray&#8217;\u0131n sezon ba\u015f\u0131nda CSKA Moskova&#8217;dan kiral\u0131k olarak renklerine ba\u011flad\u0131\u011f\u0131 Caner&#8217;in bonservisini alma opsiyonunu kullanmayaca\u011f\u0131 \u00f6\u011frenildi. <\/strong><\/p>\n<p>Lig TV&#8217;nin internet sitesinin haberine g\u00f6re; CSKA Moskova kul\u00fcb\u00fcyle yapt\u0131\u011f\u0131 anla\u015fma gere\u011fi Caner&#8217;in bonservisini kullanma opsiyonuna sahip olan Galatasaray y\u00f6netiminin hem Caner&#8217;e hem de kul\u00fcb\u00fcne bu karar\u0131n\u0131 bildirdi\u011fi ifade edildi. Caner&#8217;in bonservis bedelinin 3 milyon 200 bin euro oldu\u011fu belirtildi.<a href=\"http:\/\/www.nationalturk.com\/tr\/wp-content\/uploads\/2010\/05\/harrykewell.nationalturk-e1274371406812.jpg\"><img loading=\"lazy\" decoding=\"async\" class=\"alignright size-medium wp-image-24236\" title=\"Harry Kewell.nationalturk\" src=\"http:\/\/www.nationalturk.com\/tr\/wp-content\/uploads\/2010\/05\/harrykewell.nationalturk-e1274371406812-280x158.jpg\" alt=\"\" width=\"280\" height=\"158\" srcset=\"https:\/\/www.nationalturk.com\/tr\/wp-content\/uploads\/2010\/05\/harrykewell.nationalturk-e1274371406812-280x158.jpg 280w, https:\/\/www.nationalturk.com\/tr\/wp-content\/uploads\/2010\/05\/harrykewell.nationalturk-e1274371406812.jpg 453w\" sizes=\"auto, (max-width: 280px) 100vw, 280px\" \/><\/a><\/p>\n<p>Sar\u0131 k\u0131rm\u0131z\u0131l\u0131 y\u00f6netimin Kewell&#8217;la da kesin olarak yollar\u0131n\u0131 ay\u0131rd\u0131\u011f\u0131 belirtildi. Y\u00f6netimin Avustralyal\u0131 futbolcunun &#8220;\u0130sterseniz D\u00fcnya Kupas\u0131 sonras\u0131 bir kez daha g\u00f6r\u00fc\u015felim&#8221; teklifine de olumsuz yan\u0131t verdi\u011fi ifade edildi.<\/p>\n<p>Devre aras\u0131nda Altay&#8217;dan Musa \u00c7a\u011f\u0131ran&#8217;\u0131 ve son olarak da Bucaspor&#8217;dan Mehmet Batdal ve Be\u015fikta\u015f&#8217;tan Serdar&#8217;\u0131 renklerine ba\u011flayarak \u00f6n\u00fcm\u00fczdeki sezon gen\u00e7 bir kadro kurmay\u0131 planlayan sar\u0131 k\u0131rm\u0131z\u0131l\u0131 y\u00f6netimin Denizlispor&#8217;un sol bek oyuncusu \u00c7a\u011flar Birinci&#8217;yi de transfer etmek i\u00e7in harekete ge\u00e7ti.\u00a0Milli tak\u0131m kadrosunda bulunan 25 ya\u015f\u0131ndaki futbolcunun  Denizlispor&#8217;la 1 y\u0131ll\u0131k daha s\u00f6zle\u015fmesi bulundu\u011fu ve iki kul\u00fcp aras\u0131nda g\u00f6r\u00fc\u015fmelerin s\u00fcrd\u00fc\u011f\u00fc bildirildi.<\/p>\n<span style=\"font-weight: bold; color: #f00;\">Error, group does not exist! Check your syntax! (ID: 62)<\/span>\n<span style=\"font-weight: bold; color: #f00;\">Error, group does not exist! Check your syntax! (ID: 61)<\/span>\n","protected":false},"excerpt":{"rendered":"<p>Galatasaray&#8217;\u0131n sezon ba\u015f\u0131nda CSKA Moskova&#8217;dan kiral\u0131k olarak renklerine ba\u011flad\u0131\u011f\u0131 Caner&#8217;in bonservisini alma opsiyonunu kullanmayaca\u011f\u0131 \u00f6\u011frenildi.<\/p>\n","protected":false},"author":28,"featured_media":191746,"comment_status":"open","ping_status":"open","sticky":false,"template":"","format":"standard","meta":{"_acf_changed":false,"footnotes":""},"categories":[6774,6194],"tags":[26281,8452,26282,1748,8437,26284,22167,10846,10129,4114,20848,10687,11184,26283,11424],"class_list":["post-24233","post","type-post","status-publish","format-standard","has-post-thumbnail","hentry","category-futbol","category-spor","tag-3-milyon-200-bin-euro","tag-altay","tag-avustralyali-futbolcu","tag-besiktas","tag-bucaspor","tag-caglar-birinci","tag-caner-erkin","tag-cska-moskova","tag-denizlispor","tag-galatasaray","tag-galatasaray-yonetimi","tag-kewell","tag-mehmet-batdal","tag-musa-cagiran","tag-serdar-ozkan"],"acf":[],"_links":{"self":[{"href":"https:\/\/www.nationalturk.com\/tr\/wp-json\/wp\/v2\/posts\/24233","targetHints":{"allow":["GET"]}}],"collection":[{"href":"https:\/\/www.nationalturk.com\/tr\/wp-json\/wp\/v2\/posts"}],"about":[{"href":"https:\/\/www.nationalturk.com\/tr\/wp-json\/wp\/v2\/types\/post"}],"author":[{"embeddable":true,"href":"https:\/\/www.nationalturk.com\/tr\/wp-json\/wp\/v2\/users\/28"}],"replies":[{"embeddable":true,"href":"https:\/\/www.nationalturk.com\/tr\/wp-json\/wp\/v2\/comments?post=24233"}],"version-history":[{"count":0,"href":"https:\/\/www.nationalturk.com\/tr\/wp-json\/wp\/v2\/posts\/24233\/revisions"}],"wp:featuredmedia":[{"embeddable":true,"href":"https:\/\/www.nationalturk.com\/tr\/wp-json\/wp\/v2\/media\/191746"}],"wp:attachment":[{"href":"https:\/\/www.nationalturk.com\/tr\/wp-json\/wp\/v2\/media?parent=24233"}],"wp:term":[{"taxonomy":"category","embeddable":true,"href":"https:\/\/www.nationalturk.com\/tr\/wp-json\/wp\/v2\/categories?post=24233"},{"taxonomy":"post_tag","embeddable":true,"href":"https:\/\/www.nationalturk.com\/tr\/wp-json\/wp\/v2\/tags?post=24233"}],"curies":[{"name":"wp","href":"https:\/\/api.w.org\/{rel}","templated":true}]}}