{"id":242611,"date":"2016-11-29T10:32:03","date_gmt":"2016-11-29T07:32:03","guid":{"rendered":"http:\/\/www.nationalturk.com\/?p=242611"},"modified":"2016-11-29T10:32:03","modified_gmt":"2016-11-29T07:32:03","slug":"istanbullular-klasik-muzige-doyacak","status":"publish","type":"post","link":"https:\/\/www.nationalturk.com\/tr\/istanbullular-klasik-muzige-doyacak\/","title":{"rendered":"\u0130stanbullular Klasik M\u00fczi\u011fe Doyacak"},"content":{"rendered":"<h2>\u0130stanbullular, Cemal Re\u015fit Rey Konser Salonu&#8217;ndaki iki muhte\u015fem konserle klasik m\u00fczi\u011fe doyacak.<\/h2>\n<p>\u0130BB Cemal Re\u015fit Rey Konser Salonu (CRR), bu hafta d\u00fcnyaca \u00fcnl\u00fc oda m\u00fczi\u011fi toplulu\u011fu ve milyonlar\u0131n hayranl\u0131\u011f\u0131n\u0131 kazanan m\u00fczisyenlerin konserleriyle \u0130stanbullulara iki muhte\u015fem klasik m\u00fczik resitali sunacak.<\/p>\n<p>Ya\u015fayan en \u00fcnl\u00fc fl\u00fct virt\u00fc\u00f6zlerinden biri olan Patrick Gallois, 29 Kas\u0131m Sal\u0131 g\u00fcn\u00fc CRR sahnesinde haftan\u0131n ilk konserinde dinleyicilerinin kar\u015f\u0131s\u0131na \u00e7\u0131kacak. Frans\u0131z sanat\u00e7\u0131 Gallois ile CRR Senfoni Orkestras\u0131\u2019n\u0131n birlikte verece\u011fi konser, \u0130stanbullu sanatseverleri bir araya getirecek.<\/p>\n<h3>The Nash Ensemble CRR sahnesinde<\/h3>\n<p>Britanya\u2019n\u0131n en iyi oda m\u00fczi\u011fi toplulu\u011fu olarak g\u00f6sterilen The Nash Ensemble, \u0130stanbullu klasik m\u00fczikseverlerle bulu\u015fuyor. The Nash Ensemble, kendi alan\u0131nda bir\u00e7ok m\u00fczik \u00f6d\u00fcl\u00fcn\u00fcn sahibi Alman mezzo soprano Christianne Stotijn ile 4 Aral\u0131k Pazar g\u00fcn\u00fc CRR\u2019de ayn\u0131 sahneyi payla\u015facak.<\/p>\n<p>Bu ka\u00e7\u0131r\u0131lmayacak konserde; W.A. Mozart\u2019\u0131n \u201cPiyano Be\u015flisi, Sol Min\u00f6r, K 478\u201d, A. Schoenberg\u2019in d\u00fczenlemesiyle G. Mahler\u2019in \u201cWaytfarer\u2019in \u015eark\u0131s\u0131\u201d, J. Strauss\u2019un \u201c\u0130mparator Valsi\u201d ve F. Schubert\u2019in \u201cPiyano Be\u015flisi, \u2018Trout\u2019 La Maj\u00f6r, D 667\u201d adl\u0131 eserleri hayranlar\u0131 i\u00e7in seslendirilecek.<\/p>\n<!-- Error, Advert is not available at this time due to schedule\/geolocation restrictions! -->\n","protected":false},"excerpt":{"rendered":"<p>\u0130stanbullular, Cemal Re\u015fit Rey Konser Salonu&#8217;ndaki iki muhte\u015fem konserle klasik m\u00fczi\u011fe doyacak.<\/p>\n","protected":false},"author":3,"featured_media":242614,"comment_status":"open","ping_status":"open","sticky":false,"template":"","format":"standard","meta":{"_acf_changed":false,"footnotes":""},"categories":[6666,36154,6670],"tags":[1011,40083,28790],"class_list":["post-242611","post","type-post","status-publish","format-standard","has-post-thumbnail","hentry","category-etkinlikler","category-muzik","category-sanat","tag-istanbul","tag-klasik-muzik","tag-konser"],"acf":[],"_links":{"self":[{"href":"https:\/\/www.nationalturk.com\/tr\/wp-json\/wp\/v2\/posts\/242611","targetHints":{"allow":["GET"]}}],"collection":[{"href":"https:\/\/www.nationalturk.com\/tr\/wp-json\/wp\/v2\/posts"}],"about":[{"href":"https:\/\/www.nationalturk.com\/tr\/wp-json\/wp\/v2\/types\/post"}],"author":[{"embeddable":true,"href":"https:\/\/www.nationalturk.com\/tr\/wp-json\/wp\/v2\/users\/3"}],"replies":[{"embeddable":true,"href":"https:\/\/www.nationalturk.com\/tr\/wp-json\/wp\/v2\/comments?post=242611"}],"version-history":[{"count":0,"href":"https:\/\/www.nationalturk.com\/tr\/wp-json\/wp\/v2\/posts\/242611\/revisions"}],"wp:featuredmedia":[{"embeddable":true,"href":"https:\/\/www.nationalturk.com\/tr\/wp-json\/wp\/v2\/media\/242614"}],"wp:attachment":[{"href":"https:\/\/www.nationalturk.com\/tr\/wp-json\/wp\/v2\/media?parent=242611"}],"wp:term":[{"taxonomy":"category","embeddable":true,"href":"https:\/\/www.nationalturk.com\/tr\/wp-json\/wp\/v2\/categories?post=242611"},{"taxonomy":"post_tag","embeddable":true,"href":"https:\/\/www.nationalturk.com\/tr\/wp-json\/wp\/v2\/tags?post=242611"}],"curies":[{"name":"wp","href":"https:\/\/api.w.org\/{rel}","templated":true}]}}