{"id":243111,"date":"2016-12-08T13:43:41","date_gmt":"2016-12-08T10:43:41","guid":{"rendered":"http:\/\/www.nationalturk.com\/?p=243111"},"modified":"2016-12-08T13:43:41","modified_gmt":"2016-12-08T10:43:41","slug":"kerry-ve-lavrovdan-halep-gorusmesi","status":"publish","type":"post","link":"https:\/\/www.nationalturk.com\/tr\/kerry-ve-lavrovdan-halep-gorusmesi\/","title":{"rendered":"Kerry ve Lavrov&#8217;dan Halep g\u00f6r\u00fc\u015fmesi"},"content":{"rendered":"<h1>ABD D\u0131\u015fi\u015fleri Bakan\u0131 John Kerry, Rusya D\u0131\u015fi\u015fleri Bakan\u0131 Sergey Lavrov ile Halep\u2019te ate\u015fkes ve insani yard\u0131m \u00e7abalar\u0131n\u0131 g\u00f6r\u00fc\u015ft\u00fc.<\/h1>\n<p>Avrupa G\u00fcvenlik ve \u0130\u015fbirli\u011fi Te\u015fkilat\u0131 (AG\u0130T) Bakanlar Konseyi toplant\u0131s\u0131 i\u00e7in Almanya\u2019n\u0131n Hamburg kentinde bulunan Kerry ve Lavrov, d\u00fcn ge\u00e7 saatlerde otelde bir araya geldi.<\/p>\n<p>Kerry g\u00f6r\u00fc\u015fmenin ard\u0131ndan, beraberindeki Amerikal\u0131 gazetecilere yapt\u0131\u011f\u0131 a\u00e7\u0131klamada, Lavrov ile g\u00f6r\u00fc\u015fmelerinde Halep&#8217;teki &#8220;ola\u011fan\u00fcst\u00fc korkun\u00e7 durumu&#8221; ele ald\u0131klar\u0131n\u0131 s\u00f6yledi.<\/p>\n<p>Lavrov ile Halep\u2019e ili\u015fkin fikir al\u0131\u015fveri\u015finde bulunduklar\u0131n\u0131 ifade eden Kerry, sabah saatlerinde Rusya taraf\u0131 ile yeniden temasa ge\u00e7meyi ve gelinen noktay\u0131 de\u011ferlendirmeyi ama\u00e7lad\u0131klar\u0131n\u0131 s\u00f6zlerine ekledi.<\/p>\n<p>Rusya D\u0131\u015fi\u015fleri Bakan\u0131 Lavrov, d\u00fcn gece Almanya D\u0131\u015fi\u015fleri Bakan\u0131 Frank-Walter Steinmeier ile de g\u00f6r\u00fc\u015ft\u00fc.<\/p>\n<p>Alman diplomatik kaynaklardan edinilen bilgilere g\u00f6r\u00fc\u015fmede Steinmeier, Halep\u2019teki b\u00fcy\u00fck insani krize dikkat \u00e7ekerek, bombard\u0131manlar\u0131n derhal son bulmas\u0131, ate\u015fkesin sa\u011flanmas\u0131 ve b\u00f6lgeye acil insani yard\u0131mlar\u0131n ula\u015ft\u0131rabilmesi i\u00e7in Rusya\u2019n\u0131n Suriye rejimi \u00fczerinde etkisini kullanmas\u0131n\u0131 beklediklerini iletti.<\/p>\n<p>Steinmeier, Suriye\u2019deki i\u00e7 sava\u015f\u0131n ancak siyasi bir \u00e7\u00f6z\u00fcmle sonland\u0131r\u0131labilece\u011fini, siyasi \u00e7\u00f6z\u00fcm s\u00fcrecinin canland\u0131r\u0131lmas\u0131 i\u00e7in de bir an \u00f6nce silahlar\u0131n susmas\u0131 ve g\u00f6r\u00fc\u015fmelerin yeniden ba\u015flat\u0131lmas\u0131 gerekti\u011fini vurgulad\u0131.<\/p>\n<!-- Error, Advert is not available at this time due to schedule\/geolocation restrictions! -->\n","protected":false},"excerpt":{"rendered":"<p>ABD D\u0131\u015fi\u015fleri Bakan\u0131 John Kerry, Rusya D\u0131\u015fi\u015fleri Bakan\u0131 Sergey Lavrov ile Halep\u2019te ate\u015fkes ve insani yard\u0131m \u00e7abalar\u0131n\u0131 g\u00f6r\u00fc\u015ft\u00fc. Avrupa G\u00fcvenlik ve \u0130\u015fbirli\u011fi Te\u015fkilat\u0131 (AG\u0130T) Bakanlar Konseyi toplant\u0131s\u0131 i\u00e7in Almanya\u2019n\u0131n Hamburg kentinde bulunan Kerry ve Lavrov, d\u00fcn ge\u00e7 saatlerde otelde bir araya geldi. Kerry g\u00f6r\u00fc\u015fmenin ard\u0131ndan, beraberindeki Amerikal\u0131 gazetecilere yapt\u0131\u011f\u0131 a\u00e7\u0131klamada, Lavrov ile g\u00f6r\u00fc\u015fmelerinde Halep&#8217;teki &#8220;ola\u011fan\u00fcst\u00fc &hellip;<\/p>\n","protected":false},"author":4,"featured_media":243112,"comment_status":"open","ping_status":"open","sticky":false,"template":"","format":"standard","meta":{"_acf_changed":false,"footnotes":""},"categories":[6768,6770,6665,6155,5005,6202,349],"tags":[1887,805,77541,721,27534,806],"class_list":["post-243111","post","type-post","status-publish","format-standard","has-post-thumbnail","hentry","category-amerika","category-avrupa","category-dunya","category-gundem","category-manset","category-politika","category-son-dakika","tag-abd","tag-halep","tag-john-kerry","tag-rusya","tag-sergey-lavrov","tag-suriye"],"acf":[],"_links":{"self":[{"href":"https:\/\/www.nationalturk.com\/tr\/wp-json\/wp\/v2\/posts\/243111","targetHints":{"allow":["GET"]}}],"collection":[{"href":"https:\/\/www.nationalturk.com\/tr\/wp-json\/wp\/v2\/posts"}],"about":[{"href":"https:\/\/www.nationalturk.com\/tr\/wp-json\/wp\/v2\/types\/post"}],"author":[{"embeddable":true,"href":"https:\/\/www.nationalturk.com\/tr\/wp-json\/wp\/v2\/users\/4"}],"replies":[{"embeddable":true,"href":"https:\/\/www.nationalturk.com\/tr\/wp-json\/wp\/v2\/comments?post=243111"}],"version-history":[{"count":0,"href":"https:\/\/www.nationalturk.com\/tr\/wp-json\/wp\/v2\/posts\/243111\/revisions"}],"wp:featuredmedia":[{"embeddable":true,"href":"https:\/\/www.nationalturk.com\/tr\/wp-json\/wp\/v2\/media\/243112"}],"wp:attachment":[{"href":"https:\/\/www.nationalturk.com\/tr\/wp-json\/wp\/v2\/media?parent=243111"}],"wp:term":[{"taxonomy":"category","embeddable":true,"href":"https:\/\/www.nationalturk.com\/tr\/wp-json\/wp\/v2\/categories?post=243111"},{"taxonomy":"post_tag","embeddable":true,"href":"https:\/\/www.nationalturk.com\/tr\/wp-json\/wp\/v2\/tags?post=243111"}],"curies":[{"name":"wp","href":"https:\/\/api.w.org\/{rel}","templated":true}]}}