{"id":243553,"date":"2016-12-19T10:00:13","date_gmt":"2016-12-19T07:00:13","guid":{"rendered":"http:\/\/www.nationalturk.com\/?p=243553"},"modified":"2016-12-19T10:00:13","modified_gmt":"2016-12-19T07:00:13","slug":"fazil-say-beethoven-odulunu-aldi","status":"publish","type":"post","link":"https:\/\/www.nationalturk.com\/tr\/fazil-say-beethoven-odulunu-aldi\/","title":{"rendered":"Faz\u0131l Say Beethoven \u00d6d\u00fcl\u00fcn\u00fc Ald\u0131"},"content":{"rendered":"<h2>D\u00fcnyaca \u00fcnl\u00fc piyanist ve besteci Faz\u0131l Say, bu y\u0131l lay\u0131k g\u00f6r\u00fcld\u00fc\u011f\u00fc Uluslararas\u0131 Beethoven \u00d6d\u00fcl\u00fc\u2019n\u00fc ald\u0131.<\/h2>\n<p>Beethoven Akademisi\u2019nin 2016 Uluslararas\u0131 Beethoven \u0130nsan Haklar\u0131, Bar\u0131\u015f, \u00d6zg\u00fcrl\u00fck, Yoksullukla M\u00fccadele ve \u0130\u00e7selleme \u00d6d\u00fcl\u00fc\u2019ne lay\u0131k g\u00f6r\u00fclen Faz\u0131l Say, Almanya\u2019da d\u00fczenlenen t\u00f6renle \u00f6d\u00fcl\u00fcn\u00fc ald\u0131.<\/p>\n<p>Bonn kentinde d\u00fczenlenen t\u00f6renle \u00f6d\u00fcl\u00fcn\u00fc alan Faz\u0131l Say, t\u00f6rene kat\u0131lan konuklara A\u015f\u0131k Veysel an\u0131s\u0131na yazd\u0131\u011f\u0131 Kara Toprak adl\u0131 eserini \u00e7ald\u0131. Konser sonras\u0131 dakikalarca ayakta alk\u0131\u015flanan Say, Beethoven \u00d6d\u00fcl\u00fc\u2019n\u00fc almaktan onur duydu\u011funu s\u00f6yledi.<\/p>\n<p>Bug\u00fcne kadar 50\u2019den fazla \u00f6d\u00fcl ald\u0131\u011f\u0131n\u0131 ancak hepsinin k\u0131r\u0131ld\u0131\u011f\u0131n\u0131 esprili bir dille ifade eden Faz\u0131l Say, Beethoven \u00f6d\u00fcl\u00fc i\u00e7inse cam muhafazal\u0131 bir b\u00f6l\u00fcm ay\u0131rd\u0131\u011f\u0131n\u0131 \u00f6d\u00fcl\u00fcn sa\u011flam kalaca\u011f\u0131n\u0131 s\u00f6yleyerek salondakileri g\u00fcld\u00fcrd\u00fc.<\/p>\n<!-- Error, Advert is not available at this time due to schedule\/geolocation restrictions! -->\n","protected":false},"excerpt":{"rendered":"<p>D\u00fcnyaca \u00fcnl\u00fc piyanist ve besteci Faz\u0131l Say, bu y\u0131l lay\u0131k g\u00f6r\u00fcld\u00fc\u011f\u00fc Uluslararas\u0131 Beethoven \u00d6d\u00fcl\u00fc\u2019n\u00fc ald\u0131.<\/p>\n","protected":false},"author":3,"featured_media":243554,"comment_status":"open","ping_status":"open","sticky":false,"template":"","format":"standard","meta":{"_acf_changed":false,"footnotes":""},"categories":[6232,36154,6670],"tags":[1585],"class_list":["post-243553","post","type-post","status-publish","format-standard","has-post-thumbnail","hentry","category-magazin","category-muzik","category-sanat","tag-fazil-say"],"acf":[],"_links":{"self":[{"href":"https:\/\/www.nationalturk.com\/tr\/wp-json\/wp\/v2\/posts\/243553","targetHints":{"allow":["GET"]}}],"collection":[{"href":"https:\/\/www.nationalturk.com\/tr\/wp-json\/wp\/v2\/posts"}],"about":[{"href":"https:\/\/www.nationalturk.com\/tr\/wp-json\/wp\/v2\/types\/post"}],"author":[{"embeddable":true,"href":"https:\/\/www.nationalturk.com\/tr\/wp-json\/wp\/v2\/users\/3"}],"replies":[{"embeddable":true,"href":"https:\/\/www.nationalturk.com\/tr\/wp-json\/wp\/v2\/comments?post=243553"}],"version-history":[{"count":0,"href":"https:\/\/www.nationalturk.com\/tr\/wp-json\/wp\/v2\/posts\/243553\/revisions"}],"wp:featuredmedia":[{"embeddable":true,"href":"https:\/\/www.nationalturk.com\/tr\/wp-json\/wp\/v2\/media\/243554"}],"wp:attachment":[{"href":"https:\/\/www.nationalturk.com\/tr\/wp-json\/wp\/v2\/media?parent=243553"}],"wp:term":[{"taxonomy":"category","embeddable":true,"href":"https:\/\/www.nationalturk.com\/tr\/wp-json\/wp\/v2\/categories?post=243553"},{"taxonomy":"post_tag","embeddable":true,"href":"https:\/\/www.nationalturk.com\/tr\/wp-json\/wp\/v2\/tags?post=243553"}],"curies":[{"name":"wp","href":"https:\/\/api.w.org\/{rel}","templated":true}]}}