{"id":243660,"date":"2016-12-20T11:31:13","date_gmt":"2016-12-20T08:31:13","guid":{"rendered":"http:\/\/www.nationalturk.com\/?p=243660"},"modified":"2016-12-20T11:31:13","modified_gmt":"2016-12-20T08:31:13","slug":"burhan-kuzu-bizim-gevsekligimizi-bir-kenara-koyarak-soyluyorum","status":"publish","type":"post","link":"https:\/\/www.nationalturk.com\/tr\/burhan-kuzu-bizim-gevsekligimizi-bir-kenara-koyarak-soyluyorum\/","title":{"rendered":"Burhan Kuzu: Bizim gev\u015fekli\u011fimizi bir kenara koyarak s\u00f6yl\u00fcyorum&#8230;"},"content":{"rendered":"<h1>AKP \u0130stanbul Milletvekili Burhan Kuzu, Rusya&#8217;n\u0131n Ankara B\u00fcy\u00fckel\u00e7isi Andrey Karlov&#8217;un suikast sonucu \u00f6ld\u00fcr\u00fclmesine ili\u015fkin ilgin\u00e7 bir a\u00e7\u0131klamada bulundu.<\/h1>\n<p>Habert\u00fcrk yan\u0131n\u0131nda konu\u015fan AKP \u0130stanbul Milletvekili Burhan Kuzu, Rusya&#8217;n\u0131n Ankara B\u00fcy\u00fckel\u00e7isi Andrey Karlov&#8217;un suikast sonucu \u00f6ld\u00fcr\u00fclmesinden sonra &#8220;B\u00fct\u00fcn korumalar\u0131m\u0131z\u0131 kendimiz sa\u011fl\u0131yoruz, kap\u0131daki \u00f6yle d\u0131\u015far\u0131daki \u00f6yle. Nas\u0131l oluyor da Rus B\u00fcy\u00fckel\u00e7ili\u011fi&#8217;ne Rus koruma olmuyor anlam\u0131yorum, bizim gev\u015fekli\u011fimizi bir kenara koyarak s\u00f6yl\u00fcyorum&#8221; ifadelerini kulland\u0131.<\/p>\n<!-- Error, Advert is not available at this time due to schedule\/geolocation restrictions! -->\n","protected":false},"excerpt":{"rendered":"<p>AKP \u0130stanbul Milletvekili Burhan Kuzu, Rusya&#8217;n\u0131n Ankara B\u00fcy\u00fckel\u00e7isi Andrey Karlov&#8217;un suikast sonucu \u00f6ld\u00fcr\u00fclmesine ili\u015fkin ilgin\u00e7 bir a\u00e7\u0131klamada bulundu. Habert\u00fcrk yan\u0131n\u0131nda konu\u015fan AKP \u0130stanbul Milletvekili Burhan Kuzu, Rusya&#8217;n\u0131n Ankara B\u00fcy\u00fckel\u00e7isi Andrey Karlov&#8217;un suikast sonucu \u00f6ld\u00fcr\u00fclmesinden sonra &#8220;B\u00fct\u00fcn korumalar\u0131m\u0131z\u0131 kendimiz sa\u011fl\u0131yoruz, kap\u0131daki \u00f6yle d\u0131\u015far\u0131daki \u00f6yle. Nas\u0131l oluyor da Rus B\u00fcy\u00fckel\u00e7ili\u011fi&#8217;ne Rus koruma olmuyor anlam\u0131yorum, bizim gev\u015fekli\u011fimizi bir &hellip;<\/p>\n","protected":false},"author":4,"featured_media":243661,"comment_status":"open","ping_status":"open","sticky":false,"template":"","format":"standard","meta":{"_acf_changed":false,"footnotes":""},"categories":[6155,5005,6202,349],"tags":[9476,15516,211197,721],"class_list":["post-243660","post","type-post","status-publish","format-standard","has-post-thumbnail","hentry","category-gundem","category-manset","category-politika","category-son-dakika","tag-akp","tag-burhan-kuzu","tag-buyukelci-cinayeti","tag-rusya"],"acf":[],"_links":{"self":[{"href":"https:\/\/www.nationalturk.com\/tr\/wp-json\/wp\/v2\/posts\/243660","targetHints":{"allow":["GET"]}}],"collection":[{"href":"https:\/\/www.nationalturk.com\/tr\/wp-json\/wp\/v2\/posts"}],"about":[{"href":"https:\/\/www.nationalturk.com\/tr\/wp-json\/wp\/v2\/types\/post"}],"author":[{"embeddable":true,"href":"https:\/\/www.nationalturk.com\/tr\/wp-json\/wp\/v2\/users\/4"}],"replies":[{"embeddable":true,"href":"https:\/\/www.nationalturk.com\/tr\/wp-json\/wp\/v2\/comments?post=243660"}],"version-history":[{"count":0,"href":"https:\/\/www.nationalturk.com\/tr\/wp-json\/wp\/v2\/posts\/243660\/revisions"}],"wp:featuredmedia":[{"embeddable":true,"href":"https:\/\/www.nationalturk.com\/tr\/wp-json\/wp\/v2\/media\/243661"}],"wp:attachment":[{"href":"https:\/\/www.nationalturk.com\/tr\/wp-json\/wp\/v2\/media?parent=243660"}],"wp:term":[{"taxonomy":"category","embeddable":true,"href":"https:\/\/www.nationalturk.com\/tr\/wp-json\/wp\/v2\/categories?post=243660"},{"taxonomy":"post_tag","embeddable":true,"href":"https:\/\/www.nationalturk.com\/tr\/wp-json\/wp\/v2\/tags?post=243660"}],"curies":[{"name":"wp","href":"https:\/\/api.w.org\/{rel}","templated":true}]}}