{"id":243674,"date":"2016-12-20T14:03:05","date_gmt":"2016-12-20T11:03:05","guid":{"rendered":"http:\/\/www.nationalturk.com\/?p=243674"},"modified":"2016-12-20T14:03:05","modified_gmt":"2016-12-20T11:03:05","slug":"peskov-normallesme-surecinin-engellenmesi-amaclaniyor","status":"publish","type":"post","link":"https:\/\/www.nationalturk.com\/tr\/peskov-normallesme-surecinin-engellenmesi-amaclaniyor\/","title":{"rendered":"Peskov: Normalle\u015fme s\u00fcrecinin engellenmesi ama\u00e7lan\u0131yor"},"content":{"rendered":"<h1>Rusya Devlet Ba\u015fkan\u0131 Putin&#8217;in s\u00f6zc\u00fcs\u00fc Peskov, Karlov&#8217;un \u00f6ld\u00fcr\u00fclmesi ile, Moskova ve Ankara aras\u0131ndaki normalle\u015fme s\u00fcrecinin ve Suriye&#8217;de siyasi \u00e7\u00f6z\u00fcm \u00e7abalar\u0131n\u0131n engellenmesinin ama\u00e7land\u0131\u011f\u0131n\u0131 s\u00f6yledi.<\/h1>\n<p>Rusya Devlet Ba\u015fkan\u0131 Vladimir Putin&#8217;in s\u00f6zc\u00fcs\u00fc Dmitri Peskov, Rusya&#8217;n\u0131n Ankara B\u00fcy\u00fckel\u00e7isi Andrey Karlov&#8217;un silahl\u0131 sald\u0131r\u0131 sonucu \u00f6ld\u00fcr\u00fclmesi ile Moskova ve Ankara aras\u0131ndaki normalle\u015fme s\u00fcrecinin ve Suriye&#8217;de siyasi \u00e7\u00f6z\u00fcm \u00e7abalar\u0131n\u0131n engellenmesinin ama\u00e7land\u0131\u011f\u0131n\u0131 s\u00f6yledi.<\/p>\n<p>Kremlin S\u00f6zc\u00fcs\u00fc Peskov gazetecilere yapt\u0131\u011f\u0131 a\u00e7\u0131klamada, &#8220;Karlov&#8217;un \u00f6ld\u00fcr\u00fclmesi ile hem iki \u00fclke aras\u0131ndaki normalle\u015fme s\u00fcrecinin, hem de Suriye&#8217;de siyasi \u00e7\u00f6z\u00fcme ula\u015fmak i\u00e7in Rusya ve T\u00fcrkiye&#8217;nin \u00e7abalar\u0131n\u0131 peki\u015ftirmesinin engellenmesi ama\u00e7lan\u0131yor.&#8221; dedi.<\/p>\n<p>Sald\u0131r\u0131n\u0131n arkas\u0131nda kimlerin oldu\u011funun soru\u015fturma sonucunda ortaya \u00e7\u0131kaca\u011f\u0131n\u0131 ifade eden Peskov, &#8220;Rus uzmanlar \u015fimdi Ankara&#8217;da. D\u00fcn devlet ba\u015fkanlar\u0131 ortak ara\u015ft\u0131rma yap\u0131lmas\u0131 konusunda anla\u015fm\u0131\u015ft\u0131. Sab\u0131rl\u0131 olal\u0131m ve uzmanlar\u0131n ara\u015ft\u0131rmalar\u0131n\u0131 tamamlamas\u0131n\u0131 bekleyelim.&#8221; \u015feklinde konu\u015ftu.<\/p>\n<p>&#8220;Planl\u0131 bir provokasyon&#8221;<br \/>\nRusya Federasyon Konseyi Ba\u015fkan\u0131 Valentina Matvienko da, g\u00fcvenlik g\u00fc\u00e7lerinin Rus uzmanlar\u0131n da kat\u0131l\u0131m\u0131 ile sald\u0131r\u0131n\u0131n sorumlular\u0131n\u0131 bulmak i\u00e7in m\u00fcmk\u00fcn olan her \u015feyi yapmas\u0131 gerekti\u011fini, bunun &#8220;onur meselesi&#8221; oldu\u011funu belirtti.<\/p>\n<p>Matvienko d\u00fczenledi\u011fi bas\u0131n toplant\u0131s\u0131nda, &#8220;Karlov&#8217;un \u00f6ld\u00fcr\u00fclmesi Rus-T\u00fcrk ili\u015fkilerinin normalle\u015fmesine kar\u015f\u0131 planl\u0131 bir provokasyon.&#8221; ifadelerini kulland\u0131.<\/p>\n<!-- Error, Advert is not available at this time due to schedule\/geolocation restrictions! -->\n","protected":false},"excerpt":{"rendered":"<p>Rusya Devlet Ba\u015fkan\u0131 Putin&#8217;in s\u00f6zc\u00fcs\u00fc Peskov, Karlov&#8217;un \u00f6ld\u00fcr\u00fclmesi ile, Moskova ve Ankara aras\u0131ndaki normalle\u015fme s\u00fcrecinin ve Suriye&#8217;de siyasi \u00e7\u00f6z\u00fcm \u00e7abalar\u0131n\u0131n engellenmesinin ama\u00e7land\u0131\u011f\u0131n\u0131 s\u00f6yledi. Rusya Devlet Ba\u015fkan\u0131 Vladimir Putin&#8217;in s\u00f6zc\u00fcs\u00fc Dmitri Peskov, Rusya&#8217;n\u0131n Ankara B\u00fcy\u00fckel\u00e7isi Andrey Karlov&#8217;un silahl\u0131 sald\u0131r\u0131 sonucu \u00f6ld\u00fcr\u00fclmesi ile Moskova ve Ankara aras\u0131ndaki normalle\u015fme s\u00fcrecinin ve Suriye&#8217;de siyasi \u00e7\u00f6z\u00fcm \u00e7abalar\u0131n\u0131n engellenmesinin ama\u00e7land\u0131\u011f\u0131n\u0131 s\u00f6yledi. &hellip;<\/p>\n","protected":false},"author":4,"featured_media":243675,"comment_status":"open","ping_status":"open","sticky":false,"template":"","format":"standard","meta":{"_acf_changed":false,"footnotes":""},"categories":[6770,6665,6155,5005,6202,349],"tags":[211197,82104,211199,13945,721],"class_list":["post-243674","post","type-post","status-publish","format-standard","has-post-thumbnail","hentry","category-avrupa","category-dunya","category-gundem","category-manset","category-politika","category-son-dakika","tag-buyukelci-cinayeti","tag-dmitri-peskov","tag-karlov","tag-kremlin","tag-rusya"],"acf":[],"_links":{"self":[{"href":"https:\/\/www.nationalturk.com\/tr\/wp-json\/wp\/v2\/posts\/243674","targetHints":{"allow":["GET"]}}],"collection":[{"href":"https:\/\/www.nationalturk.com\/tr\/wp-json\/wp\/v2\/posts"}],"about":[{"href":"https:\/\/www.nationalturk.com\/tr\/wp-json\/wp\/v2\/types\/post"}],"author":[{"embeddable":true,"href":"https:\/\/www.nationalturk.com\/tr\/wp-json\/wp\/v2\/users\/4"}],"replies":[{"embeddable":true,"href":"https:\/\/www.nationalturk.com\/tr\/wp-json\/wp\/v2\/comments?post=243674"}],"version-history":[{"count":0,"href":"https:\/\/www.nationalturk.com\/tr\/wp-json\/wp\/v2\/posts\/243674\/revisions"}],"wp:featuredmedia":[{"embeddable":true,"href":"https:\/\/www.nationalturk.com\/tr\/wp-json\/wp\/v2\/media\/243675"}],"wp:attachment":[{"href":"https:\/\/www.nationalturk.com\/tr\/wp-json\/wp\/v2\/media?parent=243674"}],"wp:term":[{"taxonomy":"category","embeddable":true,"href":"https:\/\/www.nationalturk.com\/tr\/wp-json\/wp\/v2\/categories?post=243674"},{"taxonomy":"post_tag","embeddable":true,"href":"https:\/\/www.nationalturk.com\/tr\/wp-json\/wp\/v2\/tags?post=243674"}],"curies":[{"name":"wp","href":"https:\/\/api.w.org\/{rel}","templated":true}]}}