{"id":243763,"date":"2016-12-21T16:52:09","date_gmt":"2016-12-21T13:52:09","guid":{"rendered":"http:\/\/www.nationalturk.com\/?p=243763"},"modified":"2016-12-21T16:52:09","modified_gmt":"2016-12-21T13:52:09","slug":"ilhan-cavcav-genc-yildizin-bonservis-bedelini-acikladi","status":"publish","type":"post","link":"https:\/\/www.nationalturk.com\/tr\/ilhan-cavcav-genc-yildizin-bonservis-bedelini-acikladi\/","title":{"rendered":"\u0130lhan Cavcav gen\u00e7 y\u0131ld\u0131z\u0131n bonservis bedelini a\u00e7\u0131klad\u0131"},"content":{"rendered":"<h1>Gen\u00e7lerbirli\u011fi Kul\u00fcb\u00fc Ba\u015fkan\u0131 \u0130lhan Cavcav, Fenerbah\u00e7e&#8217;nin transfer g\u00fcndeminde oldu\u011fu iddia edilen gen\u00e7 futbolcu \u0130rfan Can Kahveci&#8217;nin bonservis bedeli i\u00e7in 2 milyon avro ve ba\u015fka kul\u00fcbe sat\u0131\u015f\u0131ndan y\u00fczde 15 pay istediklerini s\u00f6yledi.<\/h1>\n<p>\u0130lhan Cavcav, AA muhabirine yapt\u0131\u011f\u0131 a\u00e7\u0131klamada, k\u0131rm\u0131z\u0131-siyahl\u0131 kul\u00fcb\u00fcn altyap\u0131s\u0131nda yeti\u015fen futbolcular\u0131n transferde isimlerinin ge\u00e7iyor olmas\u0131n\u0131n kendisini mutlu etti\u011fini belirtti.<\/p>\n<p>Kadrolar\u0131nda \u0130rfan Can Kahveci gibi bir\u00e7ok altyap\u0131da yeti\u015fmi\u015f futbolcunun bulundu\u011funa vurgu yapan Cavcav, &#8220;Ben bu oyuncular\u0131m\u0131z\u0131n da zamanla \u0130rfan Can gibi Ahmet \u00c7al\u0131k gibi kendilerini g\u00f6sterece\u011finden eminim. \u0130rfan Can uzun zamand\u0131r iyi oynuyordu. Transferde isminin g\u00fcndeme gelmesi de bunun en \u00f6nemli g\u00f6stergesi.&#8221; diye konu\u015ftu.<\/p>\n<p>G\u00f6sterdi\u011fi performans sonras\u0131 \u0130rfan Can&#8217;\u0131n tak\u0131m i\u00e7in \u00f6nemli bir oyuncu durumuna geldi\u011fini anlatan Cavcav, &#8220;\u0130rfan Can&#8217;\u0131n bonservis bedelini 2 milyon avro ve sat\u0131\u015f\u0131ndan y\u00fczde 15 pay olarak belirledik.&#8221; ifadesini kulland\u0131.<\/p>\n<p>Ba\u015fkent ekibinin pilot tak\u0131m\u0131 Hacettepe ile 2013-2014 sezonu sonunda Spor Toto 3. Lig&#8217;den Spor Toto 2. Lig&#8217;e y\u00fckselen ekipte yer alan ve teknik direkt\u00f6r Mustafa Kaplan ile Gen\u00e7lerbirli\u011fi&#8217;ne ge\u00e7en 21 ya\u015f\u0131ndaki \u0130rfan Can Kahveci, k\u0131rm\u0131z\u0131-siyahl\u0131 formayla g\u00f6sterdi\u011fi performansla A Milli Tak\u0131m&#8217;a kadar y\u00fckseldi.<\/p>\n<p>Gen\u00e7 orta saha oyuncusu bu sezon Spor Toto S\u00fcper Lig&#8217;de oynad\u0131\u011f\u0131 15 ma\u00e7ta bir gol, 2 asistlik performans sergiledi.<\/p>\n<!-- Error, Advert is not available at this time due to schedule\/geolocation restrictions! -->\n","protected":false},"excerpt":{"rendered":"<p>Gen\u00e7lerbirli\u011fi Kul\u00fcb\u00fc Ba\u015fkan\u0131 \u0130lhan Cavcav, Fenerbah\u00e7e&#8217;nin transfer g\u00fcndeminde oldu\u011fu iddia edilen gen\u00e7 futbolcu \u0130rfan Can Kahveci&#8217;nin bonservis bedeli i\u00e7in 2 milyon avro ve ba\u015fka kul\u00fcbe sat\u0131\u015f\u0131ndan y\u00fczde 15 pay istediklerini s\u00f6yledi. \u0130lhan Cavcav, AA muhabirine yapt\u0131\u011f\u0131 a\u00e7\u0131klamada, k\u0131rm\u0131z\u0131-siyahl\u0131 kul\u00fcb\u00fcn altyap\u0131s\u0131nda yeti\u015fen futbolcular\u0131n transferde isimlerinin ge\u00e7iyor olmas\u0131n\u0131n kendisini mutlu etti\u011fini belirtti. Kadrolar\u0131nda \u0130rfan Can Kahveci gibi &hellip;<\/p>\n","protected":false},"author":4,"featured_media":243765,"comment_status":"open","ping_status":"open","sticky":false,"template":"","format":"standard","meta":{"_acf_changed":false,"footnotes":""},"categories":[6774,5005,6194],"tags":[849,10128,18944,211210],"class_list":["post-243763","post","type-post","status-publish","format-standard","has-post-thumbnail","hentry","category-futbol","category-manset","category-spor","tag-fenerbahce","tag-genclerbirligi","tag-ilhan-cavcav","tag-irfan-can-kahveci"],"acf":[],"_links":{"self":[{"href":"https:\/\/www.nationalturk.com\/tr\/wp-json\/wp\/v2\/posts\/243763","targetHints":{"allow":["GET"]}}],"collection":[{"href":"https:\/\/www.nationalturk.com\/tr\/wp-json\/wp\/v2\/posts"}],"about":[{"href":"https:\/\/www.nationalturk.com\/tr\/wp-json\/wp\/v2\/types\/post"}],"author":[{"embeddable":true,"href":"https:\/\/www.nationalturk.com\/tr\/wp-json\/wp\/v2\/users\/4"}],"replies":[{"embeddable":true,"href":"https:\/\/www.nationalturk.com\/tr\/wp-json\/wp\/v2\/comments?post=243763"}],"version-history":[{"count":0,"href":"https:\/\/www.nationalturk.com\/tr\/wp-json\/wp\/v2\/posts\/243763\/revisions"}],"wp:featuredmedia":[{"embeddable":true,"href":"https:\/\/www.nationalturk.com\/tr\/wp-json\/wp\/v2\/media\/243765"}],"wp:attachment":[{"href":"https:\/\/www.nationalturk.com\/tr\/wp-json\/wp\/v2\/media?parent=243763"}],"wp:term":[{"taxonomy":"category","embeddable":true,"href":"https:\/\/www.nationalturk.com\/tr\/wp-json\/wp\/v2\/categories?post=243763"},{"taxonomy":"post_tag","embeddable":true,"href":"https:\/\/www.nationalturk.com\/tr\/wp-json\/wp\/v2\/tags?post=243763"}],"curies":[{"name":"wp","href":"https:\/\/api.w.org\/{rel}","templated":true}]}}