{"id":243839,"date":"2016-12-23T12:30:08","date_gmt":"2016-12-23T09:30:08","guid":{"rendered":"http:\/\/www.nationalturk.com\/?p=243839"},"modified":"2016-12-23T12:30:08","modified_gmt":"2016-12-23T09:30:08","slug":"avrupa-liglerinde-noel-arasi","status":"publish","type":"post","link":"https:\/\/www.nationalturk.com\/tr\/avrupa-liglerinde-noel-arasi\/","title":{"rendered":"Avrupa Liglerinde Noel Aras\u0131"},"content":{"rendered":"<h2>Hristiyan d\u00fcnyas\u0131nda Noel Yortusu nedeniyle Avrupa&#8217;n\u0131n \u00f6nde gelen futbol liglerinde ma\u00e7lara ara verildi.<\/h2>\n<p>Hazreti \u0130sa&#8217;n\u0131n do\u011fum g\u00fcn\u00fc 25 Aral\u0131k&#8217;\u0131n, Hristiyan bayram\u0131 Noel Yortusu olarak kutlanmas\u0131 nedeniyle \u00f6zellikle Avrupa&#8217;da bir\u00e7ok spor organizasyonunda Noel&#8217;de m\u00fcsabakalar yap\u0131lmayacak.<\/p>\n<p>Hristiyanl\u0131k dininin Katolik mezhebinin merkezi Vatikan&#8217;\u0131n yer ald\u0131\u011f\u0131 \u0130talya&#8217;da, Serie A&#8217;n\u0131n ilk yar\u0131 ma\u00e7lar\u0131 hen\u00fcz sona ermemesine ra\u011fmen Noel Yortusu devre aras\u0131 tatiliyle birle\u015ftirildi. Lig ma\u00e7lar\u0131, 7 Ocak&#8217;ta Empoli ile Palermo aras\u0131nda oynanacak kar\u015f\u0131la\u015fmayla yeniden ba\u015flayacak.<\/p>\n<p>Ayn\u0131 \u015fekilde \u0130spanya&#8217;da La Liga&#8217;n\u0131n ilk yar\u0131s\u0131 hen\u00fcz tamamlanmamas\u0131na ra\u011fmen, Noel nedeniyle ara verildi. La Liga&#8217;n\u0131n 17. hafta ma\u00e7lar\u0131, Espanyol ile milli futbolcu Emre \u00c7olak&#8217;\u0131n forma giydi\u011fi Deportivo La Coruna aras\u0131nda 6 Ocak&#8217;ta yap\u0131lacak kar\u015f\u0131la\u015fma ile kald\u0131\u011f\u0131 yerden devam edecek.<\/p>\n<div class=\"a-single a-157\"><!-- nationalturk.com Bali 610x90 -->\r\n<ins data-revive-zoneid=\"412\" data-revive-ct0=\"{clickurl_enc}\" data-revive-id=\"2093837923c3e243d9d78d731533cba1\"><\/ins>\r\n<script async src=\"\/\/www.hot-affiliates.com\/ad\/www\/delivery\/asyncjs.php\"><\/script><\/div>\n<p>Sezona di\u011fer \u00fclkelerden daha erken ba\u015flayan Fransa&#8217;da Ligue 1&#8217;de Noel tatili ilk yar\u0131n\u0131n tamamlanmas\u0131na denk geldi. Almanya Bundesliga&#8217;da ise ilk yar\u0131n\u0131n bitimine 1 ma\u00e7 kala ligler tatile girdi.<\/p>\n<p>Fransa&#8217;da ikinci yar\u0131, Lille ile Saint-Etienne aras\u0131ndaki ma\u00e7la 13 Ocak&#8217;ta ba\u015flayacak. Almanya&#8217;da ise lig heyecan\u0131, 20 Ocak&#8217;taki Freiburg-Bayern M\u00fcnih m\u00fcsabakas\u0131yla s\u00fcrecek.<\/p>\n<h3>\u0130ngiltere&#8217;de ma\u00e7lara devam<\/h3>\n<p>Avrupa&#8217;n\u0131n \u00f6nde gelen liglerinin aksine, \u0130ngiltere Premier Lig&#8217;de ma\u00e7lara devam edilecek.<\/p>\n<p>Hafta sonu ma\u00e7 oynanmayacak ligde pazartesi, sal\u0131 ve \u00e7ar\u015famba g\u00fcn\u00fc 18. hafta kar\u015f\u0131la\u015fmalar\u0131yla futbol heyecan\u0131 s\u00fcrecek.<\/p>\n<p>Y\u0131lba\u015f\u0131n\u0131n hemen sonras\u0131nda da ma\u00e7lara devam edilecek \u0130ngiltere&#8217;de, tak\u0131mlar 10 g\u00fcn i\u00e7inde 3 ma\u00e7 yapacak.<\/p>\n<!-- Error, Advert is not available at this time due to schedule\/geolocation restrictions! -->\n<h4>NBA&#8217;de \u00f6zel etkinlikler<\/h4>\n<p>Amerikan Basketbol Ligi&#8217;nde (NBA) Noel aras\u0131 verilmese de 25 Aral\u0131k&#8217;ta oynanacak kar\u015f\u0131la\u015fmalar i\u00e7in \u00f6zel etkinlikler d\u00fczenlenecek. NBA&#8217;de Noel g\u00fcn\u00fc, Cavaliersl\u0131 LeBron James ile Warriorsl\u0131 Stephen Curry kar\u015f\u0131 kar\u015f\u0131ya gelecek.<\/p>\n<p>Be\u015f kar\u015f\u0131la\u015fman\u0131n yap\u0131laca\u011f\u0131 25 Aral\u0131k&#8217;ta New York Knicks-Boston Celtics, Cleveland Cavaliers-Golden State Warriors, San Antonio Spurs-Chicago Bulls, Oklahoma City Thunder-Minnesota Timberwolves ve Los Angeles Lakers-Los Angeles Clippers ma\u00e7lar\u0131 oynanacak.<\/p>\n<!-- Error, Advert is not available at this time due to schedule\/geolocation restrictions! -->\n","protected":false},"excerpt":{"rendered":"<p>Hristiyan d\u00fcnyas\u0131nda Noel Yortusu nedeniyle Avrupa&#8217;n\u0131n \u00f6nde gelen futbol liglerinde ma\u00e7lara ara verildi.<\/p>\n","protected":false},"author":3,"featured_media":243841,"comment_status":"open","ping_status":"open","sticky":false,"template":"","format":"standard","meta":{"_acf_changed":false,"footnotes":""},"categories":[6774,6194],"tags":[179172,21033,770,12465,21330],"class_list":["post-243839","post","type-post","status-publish","format-standard","has-post-thumbnail","hentry","category-futbol","category-spor","tag-christmas","tag-la-liga","tag-nba","tag-noel","tag-premier-lig"],"acf":[],"_links":{"self":[{"href":"https:\/\/www.nationalturk.com\/tr\/wp-json\/wp\/v2\/posts\/243839","targetHints":{"allow":["GET"]}}],"collection":[{"href":"https:\/\/www.nationalturk.com\/tr\/wp-json\/wp\/v2\/posts"}],"about":[{"href":"https:\/\/www.nationalturk.com\/tr\/wp-json\/wp\/v2\/types\/post"}],"author":[{"embeddable":true,"href":"https:\/\/www.nationalturk.com\/tr\/wp-json\/wp\/v2\/users\/3"}],"replies":[{"embeddable":true,"href":"https:\/\/www.nationalturk.com\/tr\/wp-json\/wp\/v2\/comments?post=243839"}],"version-history":[{"count":0,"href":"https:\/\/www.nationalturk.com\/tr\/wp-json\/wp\/v2\/posts\/243839\/revisions"}],"wp:featuredmedia":[{"embeddable":true,"href":"https:\/\/www.nationalturk.com\/tr\/wp-json\/wp\/v2\/media\/243841"}],"wp:attachment":[{"href":"https:\/\/www.nationalturk.com\/tr\/wp-json\/wp\/v2\/media?parent=243839"}],"wp:term":[{"taxonomy":"category","embeddable":true,"href":"https:\/\/www.nationalturk.com\/tr\/wp-json\/wp\/v2\/categories?post=243839"},{"taxonomy":"post_tag","embeddable":true,"href":"https:\/\/www.nationalturk.com\/tr\/wp-json\/wp\/v2\/tags?post=243839"}],"curies":[{"name":"wp","href":"https:\/\/api.w.org\/{rel}","templated":true}]}}