{"id":24384,"date":"2010-05-21T17:40:03","date_gmt":"2010-05-21T15:40:03","guid":{"rendered":"http:\/\/www.nationalturk.com\/?p=24384"},"modified":"2010-05-25T15:19:07","modified_gmt":"2010-05-25T13:19:07","slug":"putin-istanbula-geliyor-297648","status":"publish","type":"post","link":"https:\/\/www.nationalturk.com\/tr\/putin-istanbula-geliyor-297648\/","title":{"rendered":"Putin, 8 Haziran&#8217;da \u0130stanbul&#8217;a geliyor"},"content":{"rendered":"<p><strong><a href=\"http:\/\/www.nationalturk.com\/tr\/wp-content\/uploads\/2010\/05\/putin-turkiye-ziyareti-nationalturk.jpg\"><img loading=\"lazy\" decoding=\"async\" class=\"alignleft size-medium wp-image-24387\" title=\"Putin, 8 Haziran&#039;da \u0130stanbul&#039;a geliyor\" src=\"http:\/\/www.nationalturk.com\/tr\/wp-content\/uploads\/2010\/05\/putin-turkiye-ziyareti-nationalturk-280x191.jpg\" alt=\"\" width=\"280\" height=\"191\" srcset=\"https:\/\/www.nationalturk.com\/tr\/wp-content\/uploads\/2010\/05\/putin-turkiye-ziyareti-nationalturk-280x191.jpg 280w, https:\/\/www.nationalturk.com\/tr\/wp-content\/uploads\/2010\/05\/putin-turkiye-ziyareti-nationalturk-583x400.jpg 583w, https:\/\/www.nationalturk.com\/tr\/wp-content\/uploads\/2010\/05\/putin-turkiye-ziyareti-nationalturk.jpg 600w\" sizes=\"auto, (max-width: 280px) 100vw, 280px\" \/><\/a>Rusya Ba\u015fbakan\u0131 Vladimir Putin, 8 Haziran&#8217;da \u0130stanbul&#8217;a gelecek. <\/strong><\/p>\n<p>Reuters&#8217;\u0131n sorular\u0131n\u0131 yan\u0131tlayan bir Rus diplomat, Putin ile Ba\u015fbakan Tayyip Erdo\u011fan&#8217;\u0131n \u00f6nceki g\u00fcn yapt\u0131\u011f\u0131 telefon g\u00f6r\u00fc\u015fmesinin ard\u0131ndan Putin&#8217;in 8 Haziran&#8217;da ikili temaslarda bulunmak \u00fczere \u0130stanbul&#8217;a gelme karar\u0131 verdi\u011fini bildirdi.<\/p>\n<p>Diplomat, 7-9 Haziran aras\u0131nda \u0130stanbul&#8217;da yap\u0131lacak Asya&#8217;da \u0130\u015fbirli\u011fi ve G\u00fcven Art\u0131r\u0131c\u0131 \u00d6nlemler Konferans\u0131&#8217;na Rusya ad\u0131na D\u0131\u015fi\u015fleri Bakan\u0131 Sergey Lavrov&#8217;un kat\u0131laca\u011f\u0131n\u0131 belirterek, &#8220;Erdo\u011fan \u00f6nceki g\u00fcn Putin ile yapt\u0131\u011f\u0131 telefon g\u00f6r\u00fc\u015fmesinde kendisini de bu zirve ve ikili g\u00f6r\u00fc\u015fmeler i\u00e7in davet etti. Putin 8 Haziran&#8217;da \u0130stanbul&#8217;a giderek hem Lavrov ile zirveye kat\u0131lacak&#8221; dedi.<\/p>\n<p>Erdo\u011fan, \u00f6nceki g\u00fcn Putin&#8217;le telefon g\u00f6r\u00fc\u015fmesi yaparak T\u00fcrkiye, Brezilya ve \u0130ran aras\u0131ndaki n\u00fckleer takas anla\u015fmas\u0131 konusunda bilgi vermi\u015fti. Putin&#8217;in \u0130stanbul ziyaretinde ba\u015fta enerji olmak \u00fczere ikili ili\u015fkilerin de\u011ferlendirilmesi bekleniyor.<\/p>\n<span style=\"font-weight: bold; color: #f00;\">Error, group does not exist! Check your syntax! (ID: 51)<\/span>\n","protected":false},"excerpt":{"rendered":"<p>Putin, 8 Haziran&#8217;da \u0130stanbul&#8217;a geliyor<\/p>\n","protected":false},"author":3,"featured_media":191727,"comment_status":"open","ping_status":"open","sticky":false,"template":"","format":"standard","meta":{"_acf_changed":false,"footnotes":""},"categories":[6155,5005,6202],"tags":[1178,26478,13622,26476,26477,26479,4185,26480,195938,1530,19352],"class_list":["post-24384","post","type-post","status-publish","format-standard","has-post-thumbnail","hentry","category-gundem","category-manset","category-politika","tag-brezilya","tag-disisleri-bakani-sergey-lavrov","tag-putin-erdogan-gorusmesi","tag-putin-istanbul","tag-putin-istanbul-ziyareti","tag-putin-turkiye","tag-rusya-putin","tag-tayyip-erdogan-putin","tag-turkiye","tag-vladimir-putin","tag-vladimir-putin-aciklamalari"],"acf":[],"_links":{"self":[{"href":"https:\/\/www.nationalturk.com\/tr\/wp-json\/wp\/v2\/posts\/24384","targetHints":{"allow":["GET"]}}],"collection":[{"href":"https:\/\/www.nationalturk.com\/tr\/wp-json\/wp\/v2\/posts"}],"about":[{"href":"https:\/\/www.nationalturk.com\/tr\/wp-json\/wp\/v2\/types\/post"}],"author":[{"embeddable":true,"href":"https:\/\/www.nationalturk.com\/tr\/wp-json\/wp\/v2\/users\/3"}],"replies":[{"embeddable":true,"href":"https:\/\/www.nationalturk.com\/tr\/wp-json\/wp\/v2\/comments?post=24384"}],"version-history":[{"count":0,"href":"https:\/\/www.nationalturk.com\/tr\/wp-json\/wp\/v2\/posts\/24384\/revisions"}],"wp:featuredmedia":[{"embeddable":true,"href":"https:\/\/www.nationalturk.com\/tr\/wp-json\/wp\/v2\/media\/191727"}],"wp:attachment":[{"href":"https:\/\/www.nationalturk.com\/tr\/wp-json\/wp\/v2\/media?parent=24384"}],"wp:term":[{"taxonomy":"category","embeddable":true,"href":"https:\/\/www.nationalturk.com\/tr\/wp-json\/wp\/v2\/categories?post=24384"},{"taxonomy":"post_tag","embeddable":true,"href":"https:\/\/www.nationalturk.com\/tr\/wp-json\/wp\/v2\/tags?post=24384"}],"curies":[{"name":"wp","href":"https:\/\/api.w.org\/{rel}","templated":true}]}}