{"id":244069,"date":"2016-12-28T14:12:54","date_gmt":"2016-12-28T11:12:54","guid":{"rendered":"http:\/\/www.nationalturk.com\/?p=244069"},"modified":"2022-09-10T00:31:54","modified_gmt":"2022-09-09T21:31:54","slug":"kuba-meclisi-fidel-castro-kararini-verdi","status":"publish","type":"post","link":"https:\/\/www.nationalturk.com\/tr\/kuba-meclisi-fidel-castro-kararini-verdi\/","title":{"rendered":"K\u00fcba Meclisi Fidel Castro Karar\u0131n\u0131 Verdi"},"content":{"rendered":"<h2>K\u00fcba Ulusal Meclisi, efsanevi liderleri Fidel Castro&#8217;nun isminin halka a\u00e7\u0131k alanlara verilmesini yasaklayan karar\u0131 onaylad\u0131.<\/h2>\n<p>Ge\u00e7ti\u011fimiz ay hayat\u0131n\u0131 kaybeden K\u00fcba devrim lideri ve eski devlet ba\u015fkan\u0131 Fidel Castro&#8217;nun vasiyeti do\u011frultusunda, isminin halka a\u00e7\u0131k alanlara verilmesini ve anma heykellerin yap\u0131lmas\u0131n\u0131 yasaklayan karar K\u00fcba Ulusal Meclisi&#8217;nden ge\u00e7ti.<\/p>\n<p>Fidel Castro\u2019nun karde\u015fi K\u00fcba devlet ba\u015fkan\u0131 Raul Castro , \u201cEl Comandante\u201dye sayg\u0131lar\u0131n\u0131 g\u00f6stermek isteyen ki\u015filerin yapabilece\u011fi en iyi \u015feyin onun devrim konseptini takip etmek oldu\u011funu s\u00f6yledi.<\/p>\n<p>Yeni yasa ile Fidel Castro&#8217;nun m\u00fczik, edebiyat, dans, sinema veya di\u011fer g\u00f6rsel sanatlarda bir fig\u00fcr olarak kullan\u0131lmas\u0131 yasaklanmazken ofis, \u00e7al\u0131\u015fma alanlar\u0131 ya da kamu kurumlar\u0131nda yer alan Fidel Castro foto\u011fraflar\u0131 da korunacak.<\/p>\n<!-- Error, Advert is not available at this time due to schedule\/geolocation restrictions! -->\n","protected":false},"excerpt":{"rendered":"<p>K\u00fcba Ulusal Meclisi, efsanevi liderleri Fidel Castro&#8217;nun isminin halka a\u00e7\u0131k alanlara verilmesini yasaklayan karar\u0131 onaylad\u0131.<\/p>\n","protected":false},"author":3,"featured_media":244071,"comment_status":"open","ping_status":"open","sticky":false,"template":"","format":"standard","meta":{"_acf_changed":false,"footnotes":""},"categories":[6665,6155,6771,5005],"tags":[931,14],"class_list":["post-244069","post","type-post","status-publish","format-standard","has-post-thumbnail","hentry","category-dunya","category-gundem","category-latin-amerika","category-manset","tag-fidel-castro","tag-kuba"],"acf":[],"_links":{"self":[{"href":"https:\/\/www.nationalturk.com\/tr\/wp-json\/wp\/v2\/posts\/244069","targetHints":{"allow":["GET"]}}],"collection":[{"href":"https:\/\/www.nationalturk.com\/tr\/wp-json\/wp\/v2\/posts"}],"about":[{"href":"https:\/\/www.nationalturk.com\/tr\/wp-json\/wp\/v2\/types\/post"}],"author":[{"embeddable":true,"href":"https:\/\/www.nationalturk.com\/tr\/wp-json\/wp\/v2\/users\/3"}],"replies":[{"embeddable":true,"href":"https:\/\/www.nationalturk.com\/tr\/wp-json\/wp\/v2\/comments?post=244069"}],"version-history":[{"count":0,"href":"https:\/\/www.nationalturk.com\/tr\/wp-json\/wp\/v2\/posts\/244069\/revisions"}],"wp:featuredmedia":[{"embeddable":true,"href":"https:\/\/www.nationalturk.com\/tr\/wp-json\/wp\/v2\/media\/244071"}],"wp:attachment":[{"href":"https:\/\/www.nationalturk.com\/tr\/wp-json\/wp\/v2\/media?parent=244069"}],"wp:term":[{"taxonomy":"category","embeddable":true,"href":"https:\/\/www.nationalturk.com\/tr\/wp-json\/wp\/v2\/categories?post=244069"},{"taxonomy":"post_tag","embeddable":true,"href":"https:\/\/www.nationalturk.com\/tr\/wp-json\/wp\/v2\/tags?post=244069"}],"curies":[{"name":"wp","href":"https:\/\/api.w.org\/{rel}","templated":true}]}}