{"id":244247,"date":"2017-01-02T15:04:21","date_gmt":"2017-01-02T12:04:21","guid":{"rendered":"http:\/\/www.nationalturk.com\/?p=244247"},"modified":"2017-01-02T15:04:21","modified_gmt":"2017-01-02T12:04:21","slug":"bayraklar-yariya-indi","status":"publish","type":"post","link":"https:\/\/www.nationalturk.com\/tr\/bayraklar-yariya-indi\/","title":{"rendered":"Bayraklar yar\u0131ya indi"},"content":{"rendered":"<h1>\u0130stanbul&#8217;daki gece kul\u00fcb\u00fcne d\u00fczenlenen ter\u00f6r sald\u0131r\u0131s\u0131 nedeniyle Br\u00fcksel&#8217;deki NATO Karargah\u0131&#8217;n\u0131n \u00f6n\u00fcndeki bayraklar yar\u0131ya indirildi.<\/h1>\n<p>NATO, T\u00fcrkiye&#8217;yle dayan\u0131\u015fmas\u0131n\u0131 bayraklar\u0131 yar\u0131ya indirerek g\u00f6sterdi. \u0130stanbul sald\u0131r\u0131s\u0131n\u0131, olay\u0131n hemen ard\u0131ndan sosyal medyada k\u0131nayan ve T\u00fcrkiye&#8217;yle dayan\u0131\u015fma vurgusu yapan NATO Genel Sekreteri Jens Stoltenberg, bayraklar\u0131n yar\u0131ya indirilmesini \u00f6nerdi. Bunun \u00fczerine NATO Karargah\u0131 \u00f6n\u00fcndeki NATO ve ittifak \u00fcyelerinin bayraklar\u0131 yar\u0131ya indirildi. Bayraklar iki g\u00fcn yar\u0131da indirilmi\u015f olarak kalacak.<\/p>\n<p>NATO daha \u00f6nce de Atat\u00fcrk Havaliman\u0131&#8217;na d\u00fczenlenen ter\u00f6r sald\u0131r\u0131lar\u0131n\u0131n ard\u0131ndan bayraklar\u0131 yar\u0131ya indirmi\u015fti. Fransa, Bel\u00e7ika ve Almanya&#8217;daki sald\u0131r\u0131lar\u0131n ard\u0131ndan da NATO&#8217;da ayn\u0131 karar al\u0131nm\u0131\u015ft\u0131.<\/p>\n<!-- Error, Advert is not available at this time due to schedule\/geolocation restrictions! -->\n","protected":false},"excerpt":{"rendered":"<p>\u0130stanbul&#8217;daki gece kul\u00fcb\u00fcne d\u00fczenlenen ter\u00f6r sald\u0131r\u0131s\u0131 nedeniyle Br\u00fcksel&#8217;deki NATO Karargah\u0131&#8217;n\u0131n \u00f6n\u00fcndeki bayraklar yar\u0131ya indirildi. NATO, T\u00fcrkiye&#8217;yle dayan\u0131\u015fmas\u0131n\u0131 bayraklar\u0131 yar\u0131ya indirerek g\u00f6sterdi. \u0130stanbul sald\u0131r\u0131s\u0131n\u0131, olay\u0131n hemen ard\u0131ndan sosyal medyada k\u0131nayan ve T\u00fcrkiye&#8217;yle dayan\u0131\u015fma vurgusu yapan NATO Genel Sekreteri Jens Stoltenberg, bayraklar\u0131n yar\u0131ya indirilmesini \u00f6nerdi. Bunun \u00fczerine NATO Karargah\u0131 \u00f6n\u00fcndeki NATO ve ittifak \u00fcyelerinin bayraklar\u0131 yar\u0131ya indirildi. &hellip;<\/p>\n","protected":false},"author":4,"featured_media":244248,"comment_status":"open","ping_status":"open","sticky":false,"template":"","format":"standard","meta":{"_acf_changed":false,"footnotes":""},"categories":[6665,6155,5005,349],"tags":[],"class_list":["post-244247","post","type-post","status-publish","format-standard","has-post-thumbnail","hentry","category-dunya","category-gundem","category-manset","category-son-dakika"],"acf":[],"_links":{"self":[{"href":"https:\/\/www.nationalturk.com\/tr\/wp-json\/wp\/v2\/posts\/244247","targetHints":{"allow":["GET"]}}],"collection":[{"href":"https:\/\/www.nationalturk.com\/tr\/wp-json\/wp\/v2\/posts"}],"about":[{"href":"https:\/\/www.nationalturk.com\/tr\/wp-json\/wp\/v2\/types\/post"}],"author":[{"embeddable":true,"href":"https:\/\/www.nationalturk.com\/tr\/wp-json\/wp\/v2\/users\/4"}],"replies":[{"embeddable":true,"href":"https:\/\/www.nationalturk.com\/tr\/wp-json\/wp\/v2\/comments?post=244247"}],"version-history":[{"count":0,"href":"https:\/\/www.nationalturk.com\/tr\/wp-json\/wp\/v2\/posts\/244247\/revisions"}],"wp:featuredmedia":[{"embeddable":true,"href":"https:\/\/www.nationalturk.com\/tr\/wp-json\/wp\/v2\/media\/244248"}],"wp:attachment":[{"href":"https:\/\/www.nationalturk.com\/tr\/wp-json\/wp\/v2\/media?parent=244247"}],"wp:term":[{"taxonomy":"category","embeddable":true,"href":"https:\/\/www.nationalturk.com\/tr\/wp-json\/wp\/v2\/categories?post=244247"},{"taxonomy":"post_tag","embeddable":true,"href":"https:\/\/www.nationalturk.com\/tr\/wp-json\/wp\/v2\/tags?post=244247"}],"curies":[{"name":"wp","href":"https:\/\/api.w.org\/{rel}","templated":true}]}}