{"id":244316,"date":"2017-01-03T15:27:09","date_gmt":"2017-01-03T12:27:09","guid":{"rendered":"http:\/\/www.nationalturk.com\/?p=244316"},"modified":"2017-01-03T15:31:56","modified_gmt":"2017-01-03T12:31:56","slug":"barbaros-sansala-saldiranlarin-hepsi-gorevli-ya-da-yolcuymus","status":"publish","type":"post","link":"https:\/\/www.nationalturk.com\/tr\/barbaros-sansala-saldiranlarin-hepsi-gorevli-ya-da-yolcuymus\/","title":{"rendered":"Barbaros \u015eansal&#8217;a sald\u0131ranlar\u0131n hepsi g\u00f6revli ya da yolcuymu\u015f!"},"content":{"rendered":"<h1>Devlet Hava Meydanlar\u0131 \u0130\u015fletmesi (DHM\u0130), modac\u0131 Barbaros \u015eansal&#8217;a yap\u0131lan lin\u00e7 giri\u015fiminde apronda yolcu ve g\u00f6revli haricinde kimsenin bulunmad\u0131\u011f\u0131n\u0131 iddia etti.<\/h1>\n<p>DHM\u0130 Genel M\u00fcd\u00fcrl\u00fc\u011f\u00fcnce, sosyal medyadaki payla\u015f\u0131mlar\u0131 nedeniyle Kuzey K\u0131br\u0131s T\u00fcrk Cumhuriyeti&#8217;nden (KKTC) s\u0131n\u0131r d\u0131\u015f\u0131 edilerek Atat\u00fcrk Havaliman\u0131&#8217;nda g\u00f6zalt\u0131na al\u0131nan Barbaros \u015eansal\u2019\u0131n u\u011frad\u0131\u011f\u0131 darp giri\u015fimine ili\u015fkin yap\u0131lan a\u00e7\u0131klamada, \u015fu ifadelere yer verildi:<\/p>\n<p>&#8220;D\u00fcn gece saatlerinde KKTC&#8217;den s\u0131n\u0131r d\u0131\u015f\u0131 edilerek \u0130stanbul Atat\u00fcrk Havaliman\u0131\u2019na getirilen Barbaros \u015eansal\u2019a, darp giri\u015fiminde bulunuldu\u011fu \u00f6\u011frenilmi\u015ftir. Olayla ilgili soru\u015fturma devam etmektedir. S\u0131k\u0131 g\u00fcvenlik tedbirlerinin her zaman \u00e7ok titiz bir \u015fekilde uyguland\u0131\u011f\u0131 Atat\u00fcrk Havaliman\u0131 u\u00e7ak park alanlar\u0131na, yolcu ve g\u00f6revlilerin haricinde kimsenin ula\u015fmas\u0131na imkan bulunmamaktad\u0131r. S\u00f6z konusu darp giri\u015fimi esnas\u0131nda da aprona d\u0131\u015far\u0131dan kimsenin girmedi\u011fi tespit edilmi\u015ftir. Olayda Genel M\u00fcd\u00fcrl\u00fc\u011f\u00fcm\u00fcz\u00fcn faaliyetleri kapsam\u0131nda herhangi bir ihmal ve zafiyet kesinlikle s\u00f6z konusu de\u011fildir.&#8221;<\/p>\n<!-- Error, Advert is not available at this time due to schedule\/geolocation restrictions! -->\n","protected":false},"excerpt":{"rendered":"<p>Devlet Hava Meydanlar\u0131 \u0130\u015fletmesi (DHM\u0130), modac\u0131 Barbaros \u015eansal&#8217;a yap\u0131lan lin\u00e7 giri\u015fiminde apronda yolcu ve g\u00f6revli haricinde kimsenin bulunmad\u0131\u011f\u0131n\u0131 iddia etti. DHM\u0130 Genel M\u00fcd\u00fcrl\u00fc\u011f\u00fcnce, sosyal medyadaki payla\u015f\u0131mlar\u0131 nedeniyle Kuzey K\u0131br\u0131s T\u00fcrk Cumhuriyeti&#8217;nden (KKTC) s\u0131n\u0131r d\u0131\u015f\u0131 edilerek Atat\u00fcrk Havaliman\u0131&#8217;nda g\u00f6zalt\u0131na al\u0131nan Barbaros \u015eansal\u2019\u0131n u\u011frad\u0131\u011f\u0131 darp giri\u015fimine ili\u015fkin yap\u0131lan a\u00e7\u0131klamada, \u015fu ifadelere yer verildi: &#8220;D\u00fcn gece saatlerinde KKTC&#8217;den &hellip;<\/p>\n","protected":false},"author":4,"featured_media":244317,"comment_status":"open","ping_status":"open","sticky":false,"template":"","format":"standard","meta":{"_acf_changed":false,"footnotes":""},"categories":[763],"tags":[130972,682,683,2534],"class_list":["post-244316","post","type-post","status-publish","format-standard","has-post-thumbnail","hentry","category-gunun-olayi","tag-barbaros-sansal","tag-devlet-hava-meydanlari-isletmesi","tag-dhmi","tag-kktc"],"acf":[],"_links":{"self":[{"href":"https:\/\/www.nationalturk.com\/tr\/wp-json\/wp\/v2\/posts\/244316","targetHints":{"allow":["GET"]}}],"collection":[{"href":"https:\/\/www.nationalturk.com\/tr\/wp-json\/wp\/v2\/posts"}],"about":[{"href":"https:\/\/www.nationalturk.com\/tr\/wp-json\/wp\/v2\/types\/post"}],"author":[{"embeddable":true,"href":"https:\/\/www.nationalturk.com\/tr\/wp-json\/wp\/v2\/users\/4"}],"replies":[{"embeddable":true,"href":"https:\/\/www.nationalturk.com\/tr\/wp-json\/wp\/v2\/comments?post=244316"}],"version-history":[{"count":0,"href":"https:\/\/www.nationalturk.com\/tr\/wp-json\/wp\/v2\/posts\/244316\/revisions"}],"wp:featuredmedia":[{"embeddable":true,"href":"https:\/\/www.nationalturk.com\/tr\/wp-json\/wp\/v2\/media\/244317"}],"wp:attachment":[{"href":"https:\/\/www.nationalturk.com\/tr\/wp-json\/wp\/v2\/media?parent=244316"}],"wp:term":[{"taxonomy":"category","embeddable":true,"href":"https:\/\/www.nationalturk.com\/tr\/wp-json\/wp\/v2\/categories?post=244316"},{"taxonomy":"post_tag","embeddable":true,"href":"https:\/\/www.nationalturk.com\/tr\/wp-json\/wp\/v2\/tags?post=244316"}],"curies":[{"name":"wp","href":"https:\/\/api.w.org\/{rel}","templated":true}]}}