{"id":24442,"date":"2010-05-22T12:35:44","date_gmt":"2010-05-22T10:35:44","guid":{"rendered":"http:\/\/www.nationalturk.com\/?p=24442"},"modified":"2010-05-22T12:39:41","modified_gmt":"2010-05-22T10:39:41","slug":"new-york-belediye-baskani-michael-bloomberg-turk-gunu-yuruyu","status":"publish","type":"post","link":"https:\/\/www.nationalturk.com\/tr\/new-york-belediye-baskani-michael-bloomberg-turk-gunu-yuruyu\/","title":{"rendered":"\u015eOK; New York Belediye Ba\u015fkan\u0131ndan&#8221;T\u00fcrk G\u00fcn\u00fc Y\u00fcr\u00fcy\u00fc\u015f\u00fc&#8217; ne veto !"},"content":{"rendered":"<h1><a href=\"http:\/\/www.nationalturk.com\/tr\/wp-content\/uploads\/2010\/05\/michael-bloomberg-nationalturk.jpg\"><img loading=\"lazy\" decoding=\"async\" class=\"alignleft size-large wp-image-24448\" title=\"michael-bloomberg-nationalturk\" src=\"http:\/\/www.nationalturk.com\/tr\/wp-content\/uploads\/2010\/05\/michael-bloomberg-nationalturk-348x400.jpg\" alt=\"\" width=\"244\" height=\"280\" srcset=\"https:\/\/www.nationalturk.com\/tr\/wp-content\/uploads\/2010\/05\/michael-bloomberg-nationalturk-348x400.jpg 348w, https:\/\/www.nationalturk.com\/tr\/wp-content\/uploads\/2010\/05\/michael-bloomberg-nationalturk-191x220.jpg 191w, https:\/\/www.nationalturk.com\/tr\/wp-content\/uploads\/2010\/05\/michael-bloomberg-nationalturk.jpg 435w\" sizes=\"auto, (max-width: 244px) 100vw, 244px\" \/><\/a>Amerika\u2019da 29 y\u0131ld\u0131r geleneksel olarak d\u00fczenlenen T\u00fcrk G\u00fcn\u00fc Y\u00fcr\u00fcy\u00fc\u015f\u00fc, \u0130srail\u2019in kurulu\u015f g\u00fcn\u00fc etkinli\u011fiyle \u00e7ak\u0131\u015f\u0131nca,\u00a0 Yahudi vatanda\u015flar\u0131n\u0131n d\u00fcnya \u00fczerindeki\u00a0merkezlerinden biri olarak bilinen New York&#8217;da\u00a0 yetkililerce T\u00fcrk y\u00fcr\u00fcy\u00fc\u015f\u00fcne izin verilmedi!!<\/h1>\n<p>ABD\u2019de kutlanan en \u00f6nemli T\u00fcrk etkinli\u011fi olan ve 29\u2019uncusu d\u00fczenlenen New York T\u00fcrk G\u00fcn\u00fc Y\u00fcr\u00fcy\u00fc\u015f\u00fc bu y\u0131l yap\u0131lamayacak. Her y\u0131l May\u0131s ay\u0131n\u0131n 3\u2019\u00fcnc\u00fc hafta sonunda d\u00fczenlenen y\u00fcr\u00fcy\u00fc\u015f\u00fcn bu y\u0131l\u00a0 \u0130srail\u2019in kurulu\u015fu i\u00e7in 1964 y\u0131l\u0131ndan bu yana 23 May\u0131s\u2019ta yap\u0131lan\u00a0\u0130srail\u00a0y\u00fcr\u00fcy\u00fc\u015f\u00fc ile \u00e7ak\u0131\u015fmas\u0131 Amerika\u2019da\u00a0 \u0130srail ile T\u00fcrkiye\u2019yi kar\u015f\u0131 kar\u015f\u0131ya getirdi.<\/p>\n<p>T\u00fcrk Y\u00fcr\u00fcy\u00fc\u015f\u00fcnde muhtemelen\u00a0\u0130srail aleyhine ve Gazze lehine slogan at\u0131lmas\u0131ndan korkan New York Belediyesi ve New York Polisi, T\u00fcrk Milli Futbol Tak\u0131m\u0131 oyuncular\u0131 ve T\u00fcrk milletvekillerinin de kat\u0131l\u0131m\u0131yla ger\u00e7ekle\u015fecek olan y\u00fcr\u00fcy\u00fc\u015f\u00fc organize eden T\u00fcrk Amerikan Dernekleri Federasyonu\u2019ndan (TADF), \u201cg\u00fcvenlik kayg\u0131lar\u0131yla\u201d y\u00fcr\u00fcy\u00fc\u015f\u00fc ertelemesi ya da bir ba\u015fka yere almas\u0131n\u0131 talep edince kriz \u00e7\u0131kt\u0131.<\/p>\n<p>TADF, yetkililere 29 y\u0131ld\u0131r d\u00fczenlenen y\u00fcr\u00fcy\u00fc\u015f\u00fcn ba\u015fka bir b\u00f6lgeye al\u0131nmas\u0131n\u0131n s\u00f6z konusu olamayaca\u011f\u0131n\u0131 bildirdi, el\u00e7ilik ve T\u00fcrk diplomatlar da devreye girdi.<br \/>\nAncak kendisinin de Yahudi as\u0131ll\u0131 oldu\u011fu bilinen ve her y\u0131l \u201c\u0130srail\u2019e Selam\u201d y\u00fcr\u00fcy\u00fc\u015flerinde en \u00f6n s\u0131rada \u0130srail bayra\u011f\u0131yla birlikte yerini alan New York Belediye Ba\u015fkan\u0131 Michael Bloomberg\u2019in inad\u0131 k\u0131r\u0131lamad\u0131.<\/p>\n<p>Bas\u0131n a\u00e7\u0131klamas\u0131 yapan TADF Ba\u015fkan\u0131 Kaya Boztepe \u015fu ifadeleri kulland\u0131: \u201cBiz bu y\u00fcr\u00fcy\u00fc\u015f\u00fc 1981 y\u0131l\u0131nda ASALA\u2019n\u0131n katletti\u011fi diplomatlar\u0131m\u0131z\u0131 anmak ve Ermeni ter\u00f6r\u00fcn\u00fc lanetlemek i\u00e7in ba\u015flatt\u0131k. \u0130lerleyen y\u0131llarda bir festivale d\u00f6n\u00fc\u015ft\u00fc. New York Emniyet Te\u015fkilat\u0131 Brooklyn, Queens gibi ba\u015fka bir yere almam\u0131z\u0131 \u00f6nerdiler. Bunun sonunda geleneksel olarak kutlamalar\u0131 yapt\u0131\u011f\u0131m\u0131z 47\u2019nci sokak, 1 ve 2\u2019nci caddeler aras\u0131nda BM Meydan\u0131\u2019nda kutlama izni ald\u0131k. Y\u00fcr\u00fcy\u00fc\u015f yerine b\u00fcy\u00fck bir festival yapmak bizim tercihimizdir.\u201d<\/p>\n<p>Y\u00fcr\u00fcy\u00fc\u015fe kat\u0131lmas\u0131 engellenen baz\u0131 T\u00fcrkler de, Amerikal\u0131 yetkililer taraf\u0131ndan kendilerine \u0130srail lehine slogan at\u0131lmas\u0131n\u0131n teklif edildi\u011fini, bu teklifi kabul etmedikleri i\u00e7in y\u00fcr\u00fcy\u00fc\u015flerinin engellendi\u011fini ve b\u00f6ylece, T\u00fcrkiye d\u00fc\u015fmanl\u0131\u011f\u0131 konusunda\u00a0 ilgin\u00e7 bir \u00f6rne\u011finin sergilenmi\u015f oldu\u011funu belirttiler.<\/p>\n<p>Y\u00fcr\u00fcy\u00fc\u015fe\u00a0 TRT Sanat\u00e7\u0131lar\u0131 , Azeri as\u0131ll\u0131 Sanat\u00e7\u0131 Dadasova, K\u0131r\u0131m as\u0131ll\u0131 Sanat\u00e7\u0131 Zarema,\u00a0T\u00fcrk Muzi\u011fi sanat\u00e7\u0131lar\u0131ndan\u00a0\u00a0Hale Yamaner,\u00a0 Tarkan, Serdar Ortac, Azerbeycan ve Turkiye&#8217;den gelen Folklor ekipleri, Mehteran B\u00f6l\u00fc\u011f\u00fc ve Turkiye Futbol Federasyonu Ba\u015fkan\u0131 ve\u00a0\u00fcyeleri, Futbol Milli Tak\u0131m Teknik Direktor\u00fc Guss Hiddink ve Futbol Milli Tak\u0131m\u0131m\u0131zda\u00a0kat\u0131lacakt\u0131.<\/p>\n<p><strong>National Turk \/ New York<\/strong><\/p>\n<span style=\"font-weight: bold; color: #f00;\">Error, group does not exist! Check your syntax! (ID: 51)<\/span>\n<span style=\"font-weight: bold; color: #f00;\">Error, group does not exist! Check your syntax! (ID: 53)<\/span>\n","protected":false},"excerpt":{"rendered":"<p>New York Belediye Ba\u015fkan\u0131 Michael Bloomberg T\u00fcrk G\u00fcn\u00fc Y\u00fcr\u00fcy\u00fc\u015f\u00fcne izin vermedi.<\/p>\n","protected":false},"author":6,"featured_media":191724,"comment_status":"open","ping_status":"open","sticky":false,"template":"","format":"standard","meta":{"_acf_changed":false,"footnotes":""},"categories":[6768,6770,6665,6199,6155,6771,5005],"tags":[5892,1887,26550,26543,26542,26544,26546,26548,2230,26547,26540,26541,26549,26538,26536,26545,26539,26537],"class_list":["post-24442","post","type-post","status-publish","format-standard","has-post-thumbnail","hentry","category-amerika","category-avrupa","category-dunya","category-ekonomi","category-gundem","category-latin-amerika","category-manset","tag-a-milli-takim","tag-abd","tag-abd-turk-gunu","tag-gazze-lehine","tag-israil-aleyhine","tag-israile-selam","tag-kaya-boztepe","tag-michael-bloomberg","tag-new-york","tag-new-york-belediye-baskani","tag-new-york-belediyesi","tag-new-york-polisi","tag-new-york-turk-gunu","tag-new-york-turk-gunu-yuruyusu","tag-tadf","tag-tadf-baskani-kaya-boztepe","tag-turk-gunu","tag-turk-gunu-yuruyusu"],"acf":[],"_links":{"self":[{"href":"https:\/\/www.nationalturk.com\/tr\/wp-json\/wp\/v2\/posts\/24442","targetHints":{"allow":["GET"]}}],"collection":[{"href":"https:\/\/www.nationalturk.com\/tr\/wp-json\/wp\/v2\/posts"}],"about":[{"href":"https:\/\/www.nationalturk.com\/tr\/wp-json\/wp\/v2\/types\/post"}],"author":[{"embeddable":true,"href":"https:\/\/www.nationalturk.com\/tr\/wp-json\/wp\/v2\/users\/6"}],"replies":[{"embeddable":true,"href":"https:\/\/www.nationalturk.com\/tr\/wp-json\/wp\/v2\/comments?post=24442"}],"version-history":[{"count":0,"href":"https:\/\/www.nationalturk.com\/tr\/wp-json\/wp\/v2\/posts\/24442\/revisions"}],"wp:featuredmedia":[{"embeddable":true,"href":"https:\/\/www.nationalturk.com\/tr\/wp-json\/wp\/v2\/media\/191724"}],"wp:attachment":[{"href":"https:\/\/www.nationalturk.com\/tr\/wp-json\/wp\/v2\/media?parent=24442"}],"wp:term":[{"taxonomy":"category","embeddable":true,"href":"https:\/\/www.nationalturk.com\/tr\/wp-json\/wp\/v2\/categories?post=24442"},{"taxonomy":"post_tag","embeddable":true,"href":"https:\/\/www.nationalturk.com\/tr\/wp-json\/wp\/v2\/tags?post=24442"}],"curies":[{"name":"wp","href":"https:\/\/api.w.org\/{rel}","templated":true}]}}