{"id":244572,"date":"2017-01-10T11:41:18","date_gmt":"2017-01-10T08:41:18","guid":{"rendered":"http:\/\/www.nationalturk.com\/?p=244572"},"modified":"2022-09-11T14:27:37","modified_gmt":"2022-09-11T11:27:37","slug":"iki-ulke-arasinda-heykel-gerginligi","status":"publish","type":"post","link":"https:\/\/www.nationalturk.com\/tr\/iki-ulke-arasinda-heykel-gerginligi\/","title":{"rendered":"\u0130ki \u00fclke aras\u0131nda heykel gerginli\u011fi"},"content":{"rendered":"<h1>\u0130kinci D\u00fcnya Sava\u015f\u0131 s\u0131ras\u0131nda k\u00f6le olarak kullan\u0131lan kad\u0131nlar\u0131 sembolize eden heykelin, G\u00fcney Kore&#8217;nin Busan kentindeki konsoloslu\u011funun \u00f6n\u00fcne konulmas\u0131 \u00fczerine Japonya-G\u00fcney Kore aras\u0131nda gerginli\u011fe sebep oldu.<\/h1>\n<p>G\u00fcney Kore&#8217;de \u0130kinci D\u00fcnya Sava\u015f\u0131&#8217;nda Japon askerlerinin k\u00f6le olarak kulland\u0131\u011f\u0131 G\u00fcney Koreli kad\u0131nlar konusunda iki \u00fclke aras\u0131nda var\u0131lan anla\u015fmay\u0131 protesto etmek i\u00e7in hafta sonu kendini ate\u015fe veren Budist rahip hayat\u0131n\u0131 kaybetti.<\/p>\n<p>Yerel medyadaki haberlere g\u00f6re, G\u00fcney Kore Ba\u015fbakan\u0131 Hwang Kyo-ahn kabine toplant\u0131s\u0131nda yapt\u0131\u011f\u0131 konu\u015fmada, Japonya ile G\u00fcney Kore aras\u0131nda 2015 y\u0131l\u0131nda var\u0131lan anla\u015fmay\u0131 protesto etmek i\u00e7in kendini ate\u015fe veren 64 ya\u015f\u0131ndaki rahip Ven Jungwon&#8217;un \u00e7oklu organ yetmezli\u011fi nedeniyle \u00f6ld\u00fc\u011f\u00fcn\u00fc a\u00e7\u0131klad\u0131.<\/p>\n<p>Konu\u015fmas\u0131nda, Japonya&#8217;n\u0131n Busan Konsolosu Yasuhiro Morimoto&#8217;nun ve hemen ard\u0131ndan Seul B\u00fcy\u00fckel\u00e7isi Yasumasa Nagamine&#8217;nin k\u00f6le olarak kullan\u0131lan G\u00fcney Koreli kad\u0131nlar\u0131 temsil eden heykelin Japonya&#8217;n\u0131n Busan konsoloslu\u011fu \u00f6n\u00fcne konulmas\u0131 nedeniyle \u00fclkelerine d\u00f6nmelerine de\u011finen Hwang, iki \u00fclke aras\u0131ndaki anla\u015fmaya sayg\u0131 duyulmas\u0131 gerekti\u011fini s\u00f6yledi.<\/p>\n<p>Hwang, taraflara Japonya ile halihaz\u0131rda gerilen ili\u015fkileri daha da tahrik etmeme \u00e7a\u011fr\u0131s\u0131 yapt\u0131.<\/p>\n<p>\u00dclkede pazar g\u00fcn\u00fc d\u00fczenlenen h\u00fck\u00fcmet kar\u015f\u0131t\u0131 g\u00f6sterilerde kendini ate\u015fe veren rahibin olay yerinde b\u0131rakt\u0131\u011f\u0131 notta, G\u00fcney Kore Devlet Ba\u015fkan\u0131 Park Geun-hye&#8217;nin cezaland\u0131r\u0131lmas\u0131 ve iki \u00fclke aras\u0131ndaki anla\u015fman\u0131n feshedilmesine dair talepleri ve &#8220;L\u00fctfen \u00f6l\u00fcm\u00fcm\u00fc de\u011fersizle\u015ftirmeyin.&#8221; ifadesi yer al\u0131yordu.<\/p>\n<p>\u0130kinci D\u00fcnya Sava\u015f\u0131 s\u0131ras\u0131nda k\u00f6le olarak kullan\u0131lan kad\u0131nlar\u0131 sembolize eden heykelin, G\u00fcney Kore&#8217;nin Busan kentindeki konsoloslu\u011funun \u00f6n\u00fcne konulmas\u0131 \u00fczerine Japonya&#8217;n\u0131n Busan Konsolosu Yasuhiro Morimoto ve Seul B\u00fcy\u00fckel\u00e7isi Yasumasa Nagamine d\u00fcn \u00fclkelerine d\u00f6nm\u00fc\u015ft\u00fc.<\/p>\n<!-- Error, Advert is not available at this time due to schedule\/geolocation restrictions! -->\n","protected":false},"excerpt":{"rendered":"<p>\u0130kinci D\u00fcnya Sava\u015f\u0131 s\u0131ras\u0131nda k\u00f6le olarak kullan\u0131lan kad\u0131nlar\u0131 sembolize eden heykelin, G\u00fcney Kore&#8217;nin Busan kentindeki konsoloslu\u011funun \u00f6n\u00fcne konulmas\u0131 \u00fczerine Japonya-G\u00fcney Kore aras\u0131nda gerginli\u011fe sebep oldu. G\u00fcney Kore&#8217;de \u0130kinci D\u00fcnya Sava\u015f\u0131&#8217;nda Japon askerlerinin k\u00f6le olarak kulland\u0131\u011f\u0131 G\u00fcney Koreli kad\u0131nlar konusunda iki \u00fclke aras\u0131nda var\u0131lan anla\u015fmay\u0131 protesto etmek i\u00e7in hafta sonu kendini ate\u015fe veren Budist rahip hayat\u0131n\u0131 &hellip;<\/p>\n","protected":false},"author":4,"featured_media":244573,"comment_status":"open","ping_status":"open","sticky":false,"template":"","format":"standard","meta":{"_acf_changed":false,"footnotes":""},"categories":[6769,6665,6155,5005,6202,220816],"tags":[863],"class_list":["post-244572","post","type-post","status-publish","format-standard","has-post-thumbnail","hentry","category-asya","category-dunya","category-gundem","category-manset","category-politika","category-uzak-dogu","tag-japonya"],"acf":[],"_links":{"self":[{"href":"https:\/\/www.nationalturk.com\/tr\/wp-json\/wp\/v2\/posts\/244572","targetHints":{"allow":["GET"]}}],"collection":[{"href":"https:\/\/www.nationalturk.com\/tr\/wp-json\/wp\/v2\/posts"}],"about":[{"href":"https:\/\/www.nationalturk.com\/tr\/wp-json\/wp\/v2\/types\/post"}],"author":[{"embeddable":true,"href":"https:\/\/www.nationalturk.com\/tr\/wp-json\/wp\/v2\/users\/4"}],"replies":[{"embeddable":true,"href":"https:\/\/www.nationalturk.com\/tr\/wp-json\/wp\/v2\/comments?post=244572"}],"version-history":[{"count":0,"href":"https:\/\/www.nationalturk.com\/tr\/wp-json\/wp\/v2\/posts\/244572\/revisions"}],"wp:featuredmedia":[{"embeddable":true,"href":"https:\/\/www.nationalturk.com\/tr\/wp-json\/wp\/v2\/media\/244573"}],"wp:attachment":[{"href":"https:\/\/www.nationalturk.com\/tr\/wp-json\/wp\/v2\/media?parent=244572"}],"wp:term":[{"taxonomy":"category","embeddable":true,"href":"https:\/\/www.nationalturk.com\/tr\/wp-json\/wp\/v2\/categories?post=244572"},{"taxonomy":"post_tag","embeddable":true,"href":"https:\/\/www.nationalturk.com\/tr\/wp-json\/wp\/v2\/tags?post=244572"}],"curies":[{"name":"wp","href":"https:\/\/api.w.org\/{rel}","templated":true}]}}