{"id":244792,"date":"2017-01-13T15:16:25","date_gmt":"2017-01-13T12:16:25","guid":{"rendered":"http:\/\/www.nationalturk.com\/?p=244792"},"modified":"2017-01-13T15:16:25","modified_gmt":"2017-01-13T12:16:25","slug":"kimse-yastiginin-altinda-su-dovizi-biriktirmesin","status":"publish","type":"post","link":"https:\/\/www.nationalturk.com\/tr\/kimse-yastiginin-altinda-su-dovizi-biriktirmesin\/","title":{"rendered":"&#8220;Kimse yast\u0131\u011f\u0131n\u0131n alt\u0131nda \u015fu d\u00f6vizi biriktirmesin&#8221;"},"content":{"rendered":"<h1>Cumhurba\u015fkan\u0131 Recep Tayyip Erdo\u011fan, anayasa de\u011fi\u015fikli\u011fi g\u00f6r\u00fc\u015fmeleriyle ilgili, &#8220;Bu hafta i\u00e7inde biter ve bittikten sonra da i\u015fin zaten as\u0131l sahibine gidecek. As\u0131l sahibi millet.&#8221; dedi.<\/h1>\n<p>Erdo\u011fan, &#8220;\u00d6yle ya da b\u00f6yle 8 madde ge\u00e7mi\u015f bulunuyor. Bundan sonraki s\u00fcre\u00e7 de temenni ederiz ki sakin bir havada ve demokrasinin adab\u0131na uygun bir \u015fekilde devam etsin.&#8221; ifadelerini kulland\u0131.<\/p>\n<p>Cumhurba\u015fkan\u0131 Erdo\u011fan, &#8220;\u0130lk turda g\u00f6r\u00fcld\u00fc\u011f\u00fc kadar\u0131yla 338-348 aras\u0131nda gidi\u015f geli\u015fler oldu, \u015fimdi de bu hafta i\u00e7inde kalan maddeler bu \u015fekilde m\u00fczakere edildikten sonra ikinci turu var. \u0130kinci turda da parlamento ayn\u0131 istikrar\u0131n\u0131 ortaya koyarsa i\u015f as\u0131l sahibine gidecektir. Milletimiz de burada nihai karar\u0131 verecektir. Milletimizin verece\u011fi karar neyse o karara da hepimiz &#8216;evet&#8217; diyece\u011fiz ve sayg\u0131 duyaca\u011f\u0131z. Olay bu.&#8221; diye konu\u015ftu.<\/p>\n<!-- Error, Advert is not available at this time due to schedule\/geolocation restrictions! -->\n<p>&#8216;Tek adamc\u0131l\u0131\u011f\u0131n uygulamas\u0131n\u0131 yapan Cumhuriyet Halk Partisi&#8217;dir&#8217;<br \/>\nCumhurba\u015fkan\u0131 Erdo\u011fan, &#8220;\u0130kide bir tek adamc\u0131l\u0131k, tek adamc\u0131l\u0131k, tek adamc\u0131l\u0131k filan gibi laflar ediliyor. Bir defa T\u00fcrkiye&#8217;de e\u011fer tek adamc\u0131l\u0131k konu\u015fulacaksa, tek adamc\u0131l\u0131\u011f\u0131n tek bug\u00fcne kadar uygulamas\u0131n\u0131 yapan siyasi parti ana muhalefet partisidir, Cumhuriyet Halk Partisi&#8217;dir. Daha kurulu\u015fundan beri tek adam \u00fczerine gelmi\u015ftir zaten.&#8221; dedi.<\/p>\n<p>&#8216;Hala farkl\u0131 beklentiler i\u00e7erisindeler&#8217;<br \/>\nErdo\u011fan, K\u0131br\u0131s&#8217;ta \u00e7\u00f6z\u00fcm aray\u0131\u015flar\u0131na ili\u015fkin \u015fu ifadeleri kulland\u0131:<\/p>\n<p>&#8220;Kuzey K\u0131br\u0131s yo\u011fun bir \u00e7al\u0131\u015fman\u0131n i\u00e7erisinde, samimiyet ortaya koyuyor ama G\u00fcney K\u0131br\u0131s ve garant\u00f6r \u00fclke olarak Yunanistan, hala bunlar farkl\u0131 beklentiler i\u00e7erisindeler.&#8221;<\/p>\n<p>&#8220;Annan Plan\u0131&#8217;n\u0131n art\u0131k ge\u00e7erlili\u011fi yok. \u015eimdi yeni bir m\u00fczakere s\u00fcrecidir. Bire d\u00f6rt, yani bir d\u00f6nem Kuzey K\u0131br\u0131s T\u00fcrk Y\u00f6netimi ba\u015fkanl\u0131k yapacak, 4 d\u00f6nem G\u00fcney K\u0131br\u0131s Rum Y\u00f6netimi ba\u015fkanl\u0131k yapacak, b\u00f6yle bir \u015fey de olamaz. Bunu daha \u00f6nce de konu\u015fmu\u015ftuk; 1&#8217;e 2, bir d\u00f6nem Kuzey K\u0131br\u0131s T\u00fcrk Y\u00f6netimi liderli\u011fi alacak, iki d\u00f6nem G\u00fcney K\u0131br\u0131s Rum Y\u00f6netimi y\u00f6netimi alacak. Adil olan budur. Yani biz orada adil, kapsay\u0131c\u0131 bir bar\u0131\u015f istiyorsak \u00f6l\u00e7\u00fcs\u00fc budur. &#8216;Bunun d\u0131\u015f\u0131nda bizden kimse bir \u015fey beklemesin&#8217; dedik, bunu yetkililerine s\u00f6yledik.&#8221;<\/p>\n<p>&#8216;Kimse yast\u0131\u011f\u0131n\u0131n alt\u0131nda \u015fu d\u00f6vizi biriktirmesin&#8217;<br \/>\nCumhurba\u015fkan\u0131 Erdo\u011fan, d\u00f6viz kurlar\u0131yla ilgili bu hafta i\u00e7inde tekrar bir de\u011ferlendirme yapacaklar\u0131n\u0131 s\u00f6yleyerek, &#8220;Burada \u00fcrkecek herhangi bir \u015fey s\u00f6z konusu de\u011fil ama ben milletime \u00e7a\u011fr\u0131y\u0131 tekrar yap\u0131yorum. &#8216;Kimse yast\u0131\u011f\u0131n\u0131n alt\u0131nda \u015fu d\u00f6vizi biriktirmesin, bunlar\u0131 TL&#8217;ye d\u00f6n\u00fc\u015ft\u00fcrs\u00fcn&#8217; diyorum. E\u011fer bunlar TL&#8217;ye d\u00f6n\u00fc\u015f\u00fcrse inan\u0131yorum ki piyasalar \u00e7ok daha rahatlayacakt\u0131r.&#8221; dedi.<\/p>\n<!-- Error, Advert is not available at this time due to schedule\/geolocation restrictions! -->\n","protected":false},"excerpt":{"rendered":"<p>Cumhurba\u015fkan\u0131 Recep Tayyip Erdo\u011fan, anayasa de\u011fi\u015fikli\u011fi g\u00f6r\u00fc\u015fmeleriyle ilgili, &#8220;Bu hafta i\u00e7inde biter ve bittikten sonra da i\u015fin zaten as\u0131l sahibine gidecek. As\u0131l sahibi millet.&#8221; dedi. Erdo\u011fan, &#8220;\u00d6yle ya da b\u00f6yle 8 madde ge\u00e7mi\u015f bulunuyor. Bundan sonraki s\u00fcre\u00e7 de temenni ederiz ki sakin bir havada ve demokrasinin adab\u0131na uygun bir \u015fekilde devam etsin.&#8221; ifadelerini kulland\u0131. Cumhurba\u015fkan\u0131 &hellip;<\/p>\n","protected":false},"author":4,"featured_media":244793,"comment_status":"open","ping_status":"open","sticky":false,"template":"","format":"standard","meta":{"_acf_changed":false,"footnotes":""},"categories":[763],"tags":[77679,12923,787,13562],"class_list":["post-244792","post","type-post","status-publish","format-standard","has-post-thumbnail","hentry","category-gunun-olayi","tag-doviz","tag-erken-secim","tag-recep-tayyip-erdogan","tag-yastik-alti"],"acf":[],"_links":{"self":[{"href":"https:\/\/www.nationalturk.com\/tr\/wp-json\/wp\/v2\/posts\/244792","targetHints":{"allow":["GET"]}}],"collection":[{"href":"https:\/\/www.nationalturk.com\/tr\/wp-json\/wp\/v2\/posts"}],"about":[{"href":"https:\/\/www.nationalturk.com\/tr\/wp-json\/wp\/v2\/types\/post"}],"author":[{"embeddable":true,"href":"https:\/\/www.nationalturk.com\/tr\/wp-json\/wp\/v2\/users\/4"}],"replies":[{"embeddable":true,"href":"https:\/\/www.nationalturk.com\/tr\/wp-json\/wp\/v2\/comments?post=244792"}],"version-history":[{"count":0,"href":"https:\/\/www.nationalturk.com\/tr\/wp-json\/wp\/v2\/posts\/244792\/revisions"}],"wp:featuredmedia":[{"embeddable":true,"href":"https:\/\/www.nationalturk.com\/tr\/wp-json\/wp\/v2\/media\/244793"}],"wp:attachment":[{"href":"https:\/\/www.nationalturk.com\/tr\/wp-json\/wp\/v2\/media?parent=244792"}],"wp:term":[{"taxonomy":"category","embeddable":true,"href":"https:\/\/www.nationalturk.com\/tr\/wp-json\/wp\/v2\/categories?post=244792"},{"taxonomy":"post_tag","embeddable":true,"href":"https:\/\/www.nationalturk.com\/tr\/wp-json\/wp\/v2\/tags?post=244792"}],"curies":[{"name":"wp","href":"https:\/\/api.w.org\/{rel}","templated":true}]}}