{"id":244930,"date":"2017-01-16T14:27:16","date_gmt":"2017-01-16T11:27:16","guid":{"rendered":"http:\/\/www.nationalturk.com\/?p=244930"},"modified":"2017-01-16T16:24:21","modified_gmt":"2017-01-16T13:24:21","slug":"son-dakika-numan-kurtulmus-reina-saldirisinda-bir-istihbarat-orgutu-de-var","status":"publish","type":"post","link":"https:\/\/www.nationalturk.com\/tr\/son-dakika-numan-kurtulmus-reina-saldirisinda-bir-istihbarat-orgutu-de-var\/","title":{"rendered":"Son Dakika! Numan Kurtulmu\u015f: Reina sald\u0131r\u0131s\u0131nda bir istihbarat \u00f6rg\u00fct\u00fc de var"},"content":{"rendered":"<h1>Ba\u015fbakan Yard\u0131mc\u0131s\u0131 ve H\u00fck\u00fcmet S\u00f6zc\u00fcs\u00fc Numan Kurtulmu\u015f, 39 ki\u015finin hayat\u0131n\u0131 kaybetti\u011fi Reina sald\u0131r\u0131s\u0131nda bir istihbarat \u00f6rg\u00fct\u00fcn\u00fcn de bulundu\u011funu a\u00e7\u0131klad\u0131.<\/h1>\n<p>A Haber canl\u0131 yay\u0131n\u0131na kat\u0131lan Numan Kurtulmu\u015f, Reina sald\u0131r\u0131s\u0131yla ilgili olarak &#8220;Ger\u00e7ekten \u00f6yle anla\u015f\u0131l\u0131yor ki sadece bir ter\u00f6r \u00f6rg\u00fct\u00fcn\u00fcn de\u011fil, son derece profesyonel bir istihbarat biriminin de i\u015fin i\u00e7inde oldu\u011fu, \u00e7ok planl\u0131 bir sald\u0131r\u0131. Bu sald\u0131r\u0131yla ilgili de \u00e7ok say\u0131da g\u00f6zalt\u0131 var, tutuklananlar var. Bunlarla ilgili bilgiler ortaya \u00e7\u0131k\u0131yor. Bildi\u011fim kadar\u0131yla biraz yava\u015f \u00e7\u0131k\u0131yor ama sonu\u00e7ta Reina sald\u0131r\u0131s\u0131 ayd\u0131nlat\u0131lacakt\u0131r. \u00c7\u00fcnk\u00fc elde yeteri kadar insan var.&#8221;&#8221; \u015feklinde konu\u015ftu. Kurtulmu\u015f konu hakk\u0131nda daha fazla bilgi vermedi.<\/p>\n<h2><a href=\"http:\/\/www.nationalturk.com\/pensilvanya-abdli-deniz-piyadesi-silah-ticareti-sosyal-medyada-carpici-iddialar\/\" target=\"_blank\">Pensilvanya, ABD\u2019li deniz piyadesi, silah ticareti\u2026 \u00c7arp\u0131c\u0131 iddialar i\u00e7in t\u0131klay\u0131n<\/a><\/h2>\n<p>Numan Kurtulmu\u015f, erken se\u00e7im tart\u0131\u015fmalar\u0131yla ilgili olarak ise\u00a0&#8220;\u0130lk turdaki se\u00e7im sonu\u00e7lar\u0131 ikinci turun aynas\u0131d\u0131r. Farkl\u0131 bir sonu\u00e7 \u00e7\u0131kmayaca\u011f\u0131 kanaatindeyim. Meclis bu konuyu \u00e7\u00f6zemezse erken se\u00e7ime gidilir denildi. \u015eu a\u015famada erken se\u00e7imi telaffuz etmenin do\u011fru olmad\u0131\u011f\u0131n\u0131 d\u00fc\u015f\u00fcn\u00fcyorum. T\u00fcrkiye referanduma gidiyor&#8221;\u00a0dedi.<\/p>\n<p>Anayasa teklifinin Meclis&#8217;ten ge\u00e7mesi halinde, en k\u0131sa s\u00fcrede referanduma gidilebilece\u011fini de belirten Kurtulmu\u015f, &#8220;Meclis karar\u0131n\u0131 verdikten sonra en do\u011frusu en k\u0131sa s\u00fcrede referanduma gitmektir. Muhtemelen Nisan ay\u0131n\u0131n ba\u015f\u0131nda referanduma gidilecektir&#8221; dedi.<\/p>\n<!-- Error, Advert is not available at this time due to schedule\/geolocation restrictions! -->\n<p>&nbsp;<\/p>\n","protected":false},"excerpt":{"rendered":"<p>Ba\u015fbakan Yard\u0131mc\u0131s\u0131 ve H\u00fck\u00fcmet S\u00f6zc\u00fcs\u00fc Numan Kurtulmu\u015f, 39 ki\u015finin hayat\u0131n\u0131 kaybetti\u011fi Reina sald\u0131r\u0131s\u0131nda bir istihbarat \u00f6rg\u00fct\u00fcn\u00fcn de bulundu\u011funu a\u00e7\u0131klad\u0131. A Haber canl\u0131 yay\u0131n\u0131na kat\u0131lan Numan Kurtulmu\u015f, Reina sald\u0131r\u0131s\u0131yla ilgili olarak &#8220;Ger\u00e7ekten \u00f6yle anla\u015f\u0131l\u0131yor ki sadece bir ter\u00f6r \u00f6rg\u00fct\u00fcn\u00fcn de\u011fil, son derece profesyonel bir istihbarat biriminin de i\u015fin i\u00e7inde oldu\u011fu, \u00e7ok planl\u0131 bir sald\u0131r\u0131. Bu sald\u0131r\u0131yla &hellip;<\/p>\n","protected":false},"author":4,"featured_media":244931,"comment_status":"open","ping_status":"open","sticky":false,"template":"","format":"standard","meta":{"_acf_changed":false,"footnotes":""},"categories":[6155,5005,6202,349],"tags":[103404,19892,36813,27382],"class_list":["post-244930","post","type-post","status-publish","format-standard","has-post-thumbnail","hentry","category-gundem","category-manset","category-politika","category-son-dakika","tag-a-haber","tag-numan-kurtulmus","tag-reina","tag-son-dakika"],"acf":[],"_links":{"self":[{"href":"https:\/\/www.nationalturk.com\/tr\/wp-json\/wp\/v2\/posts\/244930","targetHints":{"allow":["GET"]}}],"collection":[{"href":"https:\/\/www.nationalturk.com\/tr\/wp-json\/wp\/v2\/posts"}],"about":[{"href":"https:\/\/www.nationalturk.com\/tr\/wp-json\/wp\/v2\/types\/post"}],"author":[{"embeddable":true,"href":"https:\/\/www.nationalturk.com\/tr\/wp-json\/wp\/v2\/users\/4"}],"replies":[{"embeddable":true,"href":"https:\/\/www.nationalturk.com\/tr\/wp-json\/wp\/v2\/comments?post=244930"}],"version-history":[{"count":0,"href":"https:\/\/www.nationalturk.com\/tr\/wp-json\/wp\/v2\/posts\/244930\/revisions"}],"wp:featuredmedia":[{"embeddable":true,"href":"https:\/\/www.nationalturk.com\/tr\/wp-json\/wp\/v2\/media\/244931"}],"wp:attachment":[{"href":"https:\/\/www.nationalturk.com\/tr\/wp-json\/wp\/v2\/media?parent=244930"}],"wp:term":[{"taxonomy":"category","embeddable":true,"href":"https:\/\/www.nationalturk.com\/tr\/wp-json\/wp\/v2\/categories?post=244930"},{"taxonomy":"post_tag","embeddable":true,"href":"https:\/\/www.nationalturk.com\/tr\/wp-json\/wp\/v2\/tags?post=244930"}],"curies":[{"name":"wp","href":"https:\/\/api.w.org\/{rel}","templated":true}]}}