{"id":245235,"date":"2017-01-23T12:30:05","date_gmt":"2017-01-23T09:30:05","guid":{"rendered":"http:\/\/www.nationalturk.com\/?p=245235"},"modified":"2017-01-27T19:52:46","modified_gmt":"2017-01-27T16:52:46","slug":"mozambik-ile-iliskilerde-yeni-ufuklar-acilacak","status":"publish","type":"post","link":"https:\/\/www.nationalturk.com\/tr\/mozambik-ile-iliskilerde-yeni-ufuklar-acilacak\/","title":{"rendered":"&#8220;Mozambik ile ili\u015fkilerde yeni ufuklar a\u00e7\u0131lacak&#8221;"},"content":{"rendered":"<h1>T\u00fcrkiye&#8217;nin Maputo B\u00fcy\u00fckel\u00e7isi Zeynep K\u0131z\u0131ltan, Cumhurba\u015fkan\u0131 Recep Tayyip Erdo\u011fan&#8217;\u0131n Mozambik&#8217;e ger\u00e7ekle\u015ftirece\u011fi ziyaretin iki \u00fclke ili\u015fkileri i\u00e7in \u00e7ok \u00f6nemli oldu\u011funu vurgulayarak &#8220;Bu ziyaretin ikili ili\u015fkilerimiz ve i\u015f birli\u011fimizde yeni ufuklar a\u00e7aca\u011f\u0131na inan\u0131yoruz&#8221; dedi.<\/h1>\n<p>B\u00fcy\u00fckel\u00e7i K\u0131z\u0131ltan, Cumhurba\u015fkan\u0131 Erdo\u011fan\u2019\u0131n iki g\u00fcnl\u00fck Mozambik ziyareti \u00f6ncesi AA muhabirinin T\u00fcrkiye ve Mozambik ili\u015fkilerine dair sorular\u0131n\u0131 yan\u0131tlad\u0131.<\/p>\n<p>T\u00fcrkiye&#8217;nin, Afrika Ortakl\u0131\u011f\u0131 politikas\u0131 \u00e7er\u00e7evesinde k\u0131tadaki \u00fclkelerle ikili ili\u015fkilerin ve i\u015f birli\u011finin geli\u015ftirilmesine b\u00fcy\u00fck \u00f6nem verdi\u011fini belirten K\u0131z\u0131ltan, bu kapsamda son d\u00f6nemde Mozambik&#8217;le de ili\u015fkilerde b\u00fcy\u00fck bir ivme kazan\u0131ld\u0131\u011f\u0131n\u0131 s\u00f6yledi.<\/p>\n<p>K\u0131z\u0131ltan, co\u011frafi uzakl\u0131\u011f\u0131n da etkisiyle uzun y\u0131llar s\u0131n\u0131rl\u0131 kalan iki \u00fclke ili\u015fkilerinin, Maputo&#8217;da b\u00fcy\u00fckel\u00e7ilik a\u00e7ma karar\u0131yla geli\u015ftirilme arzusunun g\u00f6sterildi\u011fini ifade ederek s\u00f6zlerini \u015f\u00f6yle s\u00fcrd\u00fcrd\u00fc:<\/p>\n<p>&#8220;Nitekim 12 Mart 2011 itibar\u0131yla Maputo B\u00fcy\u00fckel\u00e7ili\u011fimizin a\u00e7\u0131lmas\u0131yla ili\u015fkilerimiz g\u00f6zle g\u00f6r\u00fcl\u00fcr bir ivme kazanm\u0131\u015ft\u0131r. Mozambik, bug\u00fcn Afrika&#8217;n\u0131n siyasi ve ekonomik a\u00e7\u0131dan istikrarl\u0131 \u00fclkelerinden biridir. Dinamik n\u00fcfusu, zengin do\u011fal kaynaklar\u0131, k\u00fclt\u00fcr ve turizm alan\u0131ndaki potansiyel ve kalk\u0131nma yolunda att\u0131\u011f\u0131 ad\u0131mlarla \u00f6ne \u00e7\u0131kmaktad\u0131r. \u0130kili ili\u015fkilerimizin her iki taraf\u0131n yarar\u0131na olacak \u015fekilde geli\u015ftirilmesi, derinle\u015ftirilmesi i\u00e7in ortak irade de mevcuttur.<\/p>\n<!-- Error, Advert is not available at this time due to schedule\/geolocation restrictions! -->\n<p>Say\u0131n Cumhurba\u015fkan\u0131m\u0131z\u0131n 23-24 Ocak 2017 tarihlerinde Mozambik&#8217;e ger\u00e7ekle\u015ftirecekleri ziyaret iki \u00fclke aras\u0131nda Cumhurba\u015fkan\u0131 d\u00fczeyindeki ilk ziyaret olma \u00f6zelli\u011fini ta\u015f\u0131yor. T\u00fcrkiye olarak bu ziyarete b\u00fcy\u00fck \u00f6nem atfediyoruz. Bu ziyaretin ikili ili\u015fkilerimiz ve i\u015f birli\u011fimizde yeni ufuklar a\u00e7aca\u011f\u0131na inan\u0131yoruz.&#8221;<\/p>\n<p>&#8220;Mozambik, Cumhurba\u015fkan\u0131m\u0131z\u0131 en iyi \u015fekilde a\u011f\u0131rlamak i\u00e7in \u00e7al\u0131\u015f\u0131yor&#8221;<br \/>\nMozambik&#8217;in \u00f6zellikle ticaret, tar\u0131m, yat\u0131r\u0131m, enerji, turizm gibi alanlardaki i\u015f birli\u011finin geli\u015ftirilmesine d\u00f6n\u00fck b\u00fcy\u00fck bir potansiyeli bar\u0131nd\u0131rd\u0131\u011f\u0131na dikkati \u00e7eken K\u0131z\u0131ltan, ili\u015fkilerin \u00e7e\u015fitlendirilmesi ve geli\u015ftirilmesi y\u00f6n\u00fcnde iki \u00fclkede g\u00fc\u00e7l\u00fc siyasi irade bulundu\u011funu kaydetti.<\/p>\n<p>Ziyarete Mozambik taraf\u0131n\u0131n da b\u00fcy\u00fck \u00f6nem atfetti\u011fini belirten K\u0131z\u0131ltan, &#8220;Say\u0131n Cumhurba\u015fkan\u0131m\u0131z\u0131 en iyi \u015fekilde a\u011f\u0131rlamak, ziyaretin verimli ge\u00e7mesini sa\u011flamak i\u00e7in \u00e7al\u0131\u015f\u0131yorlar. Mozambik, \u00f6zellikle \u00f6ncelikli kalk\u0131nma ve yat\u0131r\u0131m alanlar\u0131 olarak belirledi\u011fi enerji, tar\u0131m, turizm ve altyap\u0131 sekt\u00f6rlerinde \u00fclkemizle i\u015f birli\u011fini geli\u015ftirmek arzusunu ta\u015f\u0131yor. Bu \u00e7er\u00e7evede Say\u0131n Cumhurba\u015fkan\u0131m\u0131z\u0131n ziyareti s\u0131ras\u0131nda d\u00fczenlenecek \u0130\u015f Forumu&#8217;nda yap\u0131lacak g\u00f6r\u00fc\u015fmeler i\u00e7in de yo\u011fun bir haz\u0131rl\u0131k i\u00e7indeler. Mozambik ayr\u0131ca e\u011fitim, k\u00fclt\u00fcr ve sa\u011fl\u0131k gibi alanlarda da i\u015f birli\u011fimizin geli\u015ftirilmesine s\u0131cak bakmaktad\u0131r. T\u00fcrkiye olarak biz de Mozambik&#8217;in \u00f6nceliklerini payla\u015f\u0131yoruz.&#8221; ifadelerini kulland\u0131.<\/p>\n<p>&#8220;Rakamlar T\u00fcrk i\u015f d\u00fcnyas\u0131n\u0131n Mozambik&#8217;e ilgisinin g\u00f6stergesi&#8221;<br \/>\nMozambik&#8217;in T\u00fcrkiye&#8217;de giderek daha tan\u0131n\u0131r hale geldi\u011fini s\u00f6yleyen K\u0131z\u0131ltan, iki \u00fclke i\u015f adamlar\u0131n\u0131 bulu\u015fturan organizasyonlara \u00f6nem verdiklerini dile getirdi.<\/p>\n<!-- Error, Advert is not available at this time due to schedule\/geolocation restrictions! -->\n<p>Ge\u00e7en y\u0131ldan bu yana T\u00fcrkiye&#8217;den Mozambik&#8217;e sekt\u00f6rel ve karma nitelikli d\u00f6rt ayr\u0131 heyetin ziyarette bulundu\u011fu bilgisini veren K\u0131z\u0131ltan, Mozambikli i\u015f adamlar\u0131n\u0131n da ge\u00e7en y\u0131l \u0130stanbul&#8217;da yap\u0131lan Birinci T\u00fcrkiye-Afrika \u0130\u015f ve Ekonomi Forumu kapsam\u0131nda temaslar ger\u00e7ekle\u015ftirdiklerini hat\u0131rlatt\u0131. K\u0131z\u0131ltan, bu g\u00f6r\u00fc\u015fmelerin meyvelerini orta vadede almay\u0131 umduklar\u0131n\u0131 ifade ederek \u015funlar\u0131 kaydetti:<\/p>\n<p>&#8220;\u00d6n\u00fcm\u00fczdeki d\u00f6nemde de benzer organizasyonlar\u0131n ger\u00e7ekle\u015ftirilmesi y\u00f6n\u00fcnde \u00e7al\u0131\u015fmalar yapaca\u011f\u0131z. Say\u0131n Cumhurba\u015fkan\u0131m\u0131z\u0131n ziyareti vesilesiyle \u00f6n\u00fcm\u00fczdeki hafta bir \u0130\u015f Forumu d\u00fczenlenecek. Mart ay\u0131nda ise ba\u015fkent Maputo&#8217;da geni\u015f kat\u0131l\u0131ml\u0131 ve karma nitelikte bir i\u015f heyeti ziyareti ve i\u015f forumu d\u00fczenlenmesi planlan\u0131yor. Bu \u00e7al\u0131\u015fmalarla 2017 y\u0131l\u0131nda T\u00fcrk i\u015f insanlar\u0131n\u0131n Mozambik\u2019e y\u00f6nelik ilgisinin daha da yo\u011funla\u015faca\u011f\u0131na ve Mozambik&#8217;teki T\u00fcrk yat\u0131r\u0131mlar\u0131n\u0131n artaca\u011f\u0131na inan\u0131yoruz. Esasen \u015fu anda Mozambik&#8217;teki T\u00fcrk yat\u0131r\u0131mlar\u0131 270 milyon dolara ula\u015ft\u0131. M\u00fcteahhitlik ve m\u00fc\u015favirlik hizmetlerindeki proje de\u011feri ise 300 milyon civar\u0131nda. Bu rakamlar T\u00fcrk i\u015f d\u00fcnyas\u0131n\u0131n Mozambik&#8217;e ilgisinin bir g\u00f6stergesi.&#8221;<\/p>\n<p>&#8220;FET\u00d6&#8217;n\u00fcn Mozambik i\u00e7in de tehdit oldu\u011funu izah ediyoruz&#8221;<br \/>\nMaputo B\u00fcy\u00fckel\u00e7isi K\u0131z\u0131ltan, Fetullah\u00e7\u0131 Ter\u00f6r \u00d6rg\u00fct\u00fcn\u00fcn (FET\u00d6) Mozambik&#8217;teki faaliyetlerine ili\u015fkin \u00fclke makamlar\u0131na gerekli uyar\u0131larda bulunduklar\u0131n\u0131 s\u00f6yledi.<\/p>\n<p>Mozambik&#8217;te FET\u00d6 okullar\u0131n\u0131n, \u015firketlerinin ve derneklerinin varl\u0131\u011f\u0131n\u0131 bildiklerini ifade eden K\u0131z\u0131ltan, s\u00f6zlerini \u015f\u00f6yle s\u00fcrd\u00fcrd\u00fc:<\/p>\n<p>&#8220;Bu konuda 17-25 Aral\u0131k s\u00fcreci ve 15 Temmuz hain darbe giri\u015fimi sonras\u0131nda Mozambik makamlar\u0131yla gerekli bilgileri payla\u015ft\u0131k ve payla\u015fmaya devam ediyoruz. Bu olu\u015fumlarla her t\u00fcrl\u00fc temas\u0131n sonland\u0131r\u0131lmas\u0131, onlar\u0131n \u00fclkedeki faaliyetlerine son verilmesi y\u00f6n\u00fcnde gerekli uyar\u0131lar\u0131 yap\u0131yoruz. T\u00fcrkiye i\u00e7in tehdit olu\u015fturan bu \u00f6rg\u00fct\u00fcn ba\u011flant\u0131lar\u0131n\u0131n dost bir \u00fclke olan Mozambik i\u00e7in de bir tehdit unsuru oldu\u011funu izah ediyoruz. T\u00fcrkiye ve Mozambik aras\u0131ndaki ili\u015fkiler ve i\u015f birli\u011fi her alanda h\u0131zla geli\u015fiyor. \u0130li\u015fkilerimizde herhangi bir sorun yok. Mozambik makamlar\u0131n\u0131n gerekli de\u011ferlendirmeleri yapacaklar\u0131na inan\u0131yoruz. Bu konudaki m\u00fccadelemiz s\u00fcrecek.&#8221;<\/p>\n<!-- Error, Advert is not available at this time due to schedule\/geolocation restrictions! -->\n","protected":false},"excerpt":{"rendered":"<p>T\u00fcrkiye&#8217;nin Maputo B\u00fcy\u00fckel\u00e7isi Zeynep K\u0131z\u0131ltan, Cumhurba\u015fkan\u0131 Recep Tayyip Erdo\u011fan&#8217;\u0131n Mozambik&#8217;e ger\u00e7ekle\u015ftirece\u011fi ziyaretin iki \u00fclke ili\u015fkileri i\u00e7in \u00e7ok \u00f6nemli oldu\u011funu vurgulayarak &#8220;Bu ziyaretin ikili ili\u015fkilerimiz ve i\u015f birli\u011fimizde yeni ufuklar a\u00e7aca\u011f\u0131na inan\u0131yoruz&#8221; dedi. B\u00fcy\u00fckel\u00e7i K\u0131z\u0131ltan, Cumhurba\u015fkan\u0131 Erdo\u011fan\u2019\u0131n iki g\u00fcnl\u00fck Mozambik ziyareti \u00f6ncesi AA muhabirinin T\u00fcrkiye ve Mozambik ili\u015fkilerine dair sorular\u0131n\u0131 yan\u0131tlad\u0131. T\u00fcrkiye&#8217;nin, Afrika Ortakl\u0131\u011f\u0131 politikas\u0131 \u00e7er\u00e7evesinde &hellip;<\/p>\n","protected":false},"author":4,"featured_media":245243,"comment_status":"open","ping_status":"open","sticky":false,"template":"","format":"standard","meta":{"_acf_changed":false,"footnotes":""},"categories":[6767,6665,6199,6155],"tags":[210903,787],"class_list":["post-245235","post","type-post","status-publish","format-standard","has-post-thumbnail","hentry","category-afrika","category-dunya","category-ekonomi","category-gundem","tag-mozambik","tag-recep-tayyip-erdogan"],"acf":[],"_links":{"self":[{"href":"https:\/\/www.nationalturk.com\/tr\/wp-json\/wp\/v2\/posts\/245235","targetHints":{"allow":["GET"]}}],"collection":[{"href":"https:\/\/www.nationalturk.com\/tr\/wp-json\/wp\/v2\/posts"}],"about":[{"href":"https:\/\/www.nationalturk.com\/tr\/wp-json\/wp\/v2\/types\/post"}],"author":[{"embeddable":true,"href":"https:\/\/www.nationalturk.com\/tr\/wp-json\/wp\/v2\/users\/4"}],"replies":[{"embeddable":true,"href":"https:\/\/www.nationalturk.com\/tr\/wp-json\/wp\/v2\/comments?post=245235"}],"version-history":[{"count":0,"href":"https:\/\/www.nationalturk.com\/tr\/wp-json\/wp\/v2\/posts\/245235\/revisions"}],"wp:featuredmedia":[{"embeddable":true,"href":"https:\/\/www.nationalturk.com\/tr\/wp-json\/wp\/v2\/media\/245243"}],"wp:attachment":[{"href":"https:\/\/www.nationalturk.com\/tr\/wp-json\/wp\/v2\/media?parent=245235"}],"wp:term":[{"taxonomy":"category","embeddable":true,"href":"https:\/\/www.nationalturk.com\/tr\/wp-json\/wp\/v2\/categories?post=245235"},{"taxonomy":"post_tag","embeddable":true,"href":"https:\/\/www.nationalturk.com\/tr\/wp-json\/wp\/v2\/tags?post=245235"}],"curies":[{"name":"wp","href":"https:\/\/api.w.org\/{rel}","templated":true}]}}