{"id":245297,"date":"2017-01-24T10:28:24","date_gmt":"2017-01-24T07:28:24","guid":{"rendered":"http:\/\/www.nationalturk.com\/?p=245297"},"modified":"2017-01-24T10:28:24","modified_gmt":"2017-01-24T07:28:24","slug":"numan-kurtulmus-mhp-ile-ortak-kampanya-yok","status":"publish","type":"post","link":"https:\/\/www.nationalturk.com\/tr\/numan-kurtulmus-mhp-ile-ortak-kampanya-yok\/","title":{"rendered":"Numan Kurtulmu\u015f: MHP ile ortak kampanya yok"},"content":{"rendered":"<h1>Ba\u015fbakan Yard\u0131mc\u0131s\u0131 Numan Kurtulmu\u015f, &#8220;AK Parti ve MHP&#8217;nin ortak bir referandum kampanyas\u0131 y\u00fcr\u00fctmesi s\u00f6z konusu de\u011fildir.&#8221; dedi.<\/h1>\n<p>Kurtulmu\u015f, AA&#8217;ya yapt\u0131\u011f\u0131 a\u00e7\u0131klamada Anayasa de\u011fi\u015fikli\u011fi i\u00e7in yap\u0131lacak referandumla ilgili \u015funlar\u0131 s\u00f6yledi:<\/p>\n<p>&#8220;\u0130ki farkl\u0131 partinin bir anayasa de\u011fi\u015fiklik paketine &#8216;evet&#8217; oyu vermesiyle bir m\u00fc\u015ftereklik s\u00f6z konusudur. Ama her iki parti de kendi \u00f6ncelikleri bak\u0131m\u0131ndan bir referandum kampanyas\u0131 y\u00fcr\u00fctecektir. AK Parti ve MHP&#8217;nin ortak bir referandum kampanyas\u0131 y\u00fcr\u00fctmesi s\u00f6z konusu de\u011fildir. MHP, kendisince \u00f6nemli g\u00f6rd\u00fckleri noktalar\u0131 anlatacak, biz de AK Parti olarak kendi \u00f6nceliklerimiz etraf\u0131ndan bir kampanya y\u00fcr\u00fctece\u011fiz. Her ikisi de evet kampanyas\u0131 olacak.&#8221;<\/p>\n<p>Kurtulmu\u015f, referandum s\u00fcreciyle ilgili \u015fu ifadeleri kulland\u0131:<\/p>\n<!-- Error, Advert is not available at this time due to schedule\/geolocation restrictions! -->\n<p>&#8220;\u00d6yle g\u00f6r\u00fcn\u00fcyor ki b\u00fcy\u00fck ihtimalle biz, bunun bir rejim de\u011fi\u015fikli\u011fi de\u011fil sistem de\u011fi\u015fikli\u011fi oldu\u011fu, T\u00fcrkiye&#8217;nin etkin bir y\u00f6netim modeline kavu\u015fmas\u0131n\u0131n b\u00fcy\u00fcyen, geli\u015fen, g\u00fc\u00e7l\u00fc bir T\u00fcrkiye i\u00e7in en \u00f6nemli hususlardan birisi oldu\u011fu ana fikri \u00fczerine oturacak bir kampanya y\u00fcr\u00fctece\u011fiz. \u00d6zellikle ter\u00f6rle m\u00fccadele konusunda gelinen nokta, son aylarda sa\u011flanan \u00e7ok ciddi ba\u015far\u0131lar ve daha g\u00fc\u00e7l\u00fc bir h\u00fck\u00fcmet modeliyle, daha seri karar alabilen y\u00fcr\u00fctme modeliyle ter\u00f6r\u00fcn de \u00fcstesinden daha rahat gelinebilece\u011fi fikriyle bir kampanya y\u00fcr\u00fct\u00fclecek.&#8221;<\/p>\n<p>&#8216;Cumhurba\u015fkan\u0131 kuvvetli denetim mekanizmalar\u0131yla kar\u015f\u0131 kar\u015f\u0131ya kalacak&#8217;<br \/>\nBa\u015fbakan Yard\u0131mc\u0131s\u0131 Kurtulmu\u015f, Anayasa De\u011fi\u015fikli\u011fi Kanunu hakk\u0131nda &#8220;Cumhurba\u015fkan\u0131 kendi bakanlar\u0131n\u0131, kabinesini kuracak ve KHK&#8217;lar ile baz\u0131 konularda \u00e7ok daha h\u0131zl\u0131 bir \u015fekilde karar alma imkan\u0131na sahip olacak. Ama bunun kar\u015f\u0131l\u0131\u011f\u0131nda da \u00e7ok kuvvetli birtak\u0131m denetim mekanizmalar\u0131yla, kuvvetli birtak\u0131m hesap verme sonucuyla kar\u015f\u0131 kar\u015f\u0131ya kalacak. B\u00f6yle olunca T\u00fcrkiye daha h\u0131zl\u0131 kararlar alacak, aradaki birtak\u0131m mekanizmalar devreden \u00e7\u0131kt\u0131\u011f\u0131 i\u00e7in \u00f6zellikle ekonomi alan\u0131nda T\u00fcrkiye \u00e7ok daha h\u0131zl\u0131 karar alacak, yolunda daha kuvvetli ad\u0131mlarla devam edecek.&#8221; diye konu\u015ftu.<\/p>\n<p>Kurtulmu\u015f, AA Edit\u00f6r Masas\u0131 toplant\u0131s\u0131nda, g\u00fcndeme ili\u015fkin de\u011ferlendirmelerde bulunuyor, edit\u00f6r ve muhabirlerin sorular\u0131n\u0131 yan\u0131tl\u0131yor.<\/p>\n<p>Ba\u015fbakan Yard\u0131mc\u0131s\u0131 Kurtulmu\u015f&#8217;un g\u00fcndeme ili\u015fkin a\u00e7\u0131klamalar\u0131, AA&#8217;n\u0131n internet sitesi (www.aa.com.tr) ile AA Twitter hesab\u0131 &#8220;@anadoluajansi&#8221; \u00fczerinden anl\u0131k yay\u0131mlan\u0131yor.<\/p>\n<!-- Error, Advert is not available at this time due to schedule\/geolocation restrictions! -->\n","protected":false},"excerpt":{"rendered":"<p>Ba\u015fbakan Yard\u0131mc\u0131s\u0131 Numan Kurtulmu\u015f, &#8220;AK Parti ve MHP&#8217;nin ortak bir referandum kampanyas\u0131 y\u00fcr\u00fctmesi s\u00f6z konusu de\u011fildir.&#8221; dedi. Kurtulmu\u015f, AA&#8217;ya yapt\u0131\u011f\u0131 a\u00e7\u0131klamada Anayasa de\u011fi\u015fikli\u011fi i\u00e7in yap\u0131lacak referandumla ilgili \u015funlar\u0131 s\u00f6yledi: &#8220;\u0130ki farkl\u0131 partinin bir anayasa de\u011fi\u015fiklik paketine &#8216;evet&#8217; oyu vermesiyle bir m\u00fc\u015ftereklik s\u00f6z konusudur. Ama her iki parti de kendi \u00f6ncelikleri bak\u0131m\u0131ndan bir referandum kampanyas\u0131 y\u00fcr\u00fctecektir. &hellip;<\/p>\n","protected":false},"author":4,"featured_media":245298,"comment_status":"open","ping_status":"open","sticky":false,"template":"","format":"standard","meta":{"_acf_changed":false,"footnotes":""},"categories":[6155,5005,6202,349],"tags":[3557,74573,10829,19892,24218],"class_list":["post-245297","post","type-post","status-publish","format-standard","has-post-thumbnail","hentry","category-gundem","category-manset","category-politika","category-son-dakika","tag-ak-parti","tag-akp-mhp","tag-mhp","tag-numan-kurtulmus","tag-referandum"],"acf":[],"_links":{"self":[{"href":"https:\/\/www.nationalturk.com\/tr\/wp-json\/wp\/v2\/posts\/245297","targetHints":{"allow":["GET"]}}],"collection":[{"href":"https:\/\/www.nationalturk.com\/tr\/wp-json\/wp\/v2\/posts"}],"about":[{"href":"https:\/\/www.nationalturk.com\/tr\/wp-json\/wp\/v2\/types\/post"}],"author":[{"embeddable":true,"href":"https:\/\/www.nationalturk.com\/tr\/wp-json\/wp\/v2\/users\/4"}],"replies":[{"embeddable":true,"href":"https:\/\/www.nationalturk.com\/tr\/wp-json\/wp\/v2\/comments?post=245297"}],"version-history":[{"count":0,"href":"https:\/\/www.nationalturk.com\/tr\/wp-json\/wp\/v2\/posts\/245297\/revisions"}],"wp:featuredmedia":[{"embeddable":true,"href":"https:\/\/www.nationalturk.com\/tr\/wp-json\/wp\/v2\/media\/245298"}],"wp:attachment":[{"href":"https:\/\/www.nationalturk.com\/tr\/wp-json\/wp\/v2\/media?parent=245297"}],"wp:term":[{"taxonomy":"category","embeddable":true,"href":"https:\/\/www.nationalturk.com\/tr\/wp-json\/wp\/v2\/categories?post=245297"},{"taxonomy":"post_tag","embeddable":true,"href":"https:\/\/www.nationalturk.com\/tr\/wp-json\/wp\/v2\/tags?post=245297"}],"curies":[{"name":"wp","href":"https:\/\/api.w.org\/{rel}","templated":true}]}}