{"id":245410,"date":"2017-01-26T10:26:35","date_gmt":"2017-01-26T07:26:35","guid":{"rendered":"http:\/\/www.nationalturk.com\/?p=245410"},"modified":"2017-01-26T10:26:35","modified_gmt":"2017-01-26T07:26:35","slug":"meral-aksenerden-yeni-hamle","status":"publish","type":"post","link":"https:\/\/www.nationalturk.com\/tr\/meral-aksenerden-yeni-hamle\/","title":{"rendered":"Meral Ak\u015fener&#8217;den yeni hamle"},"content":{"rendered":"<h1>MHP&#8217;den ihra\u00e7 edilmesi sonras\u0131 bireysel ba\u015fvuru hakk\u0131n\u0131 kullanan Meral Ak\u015fener, 6 sayfal\u0131k bir dilek\u00e7eyle ihra\u00e7 karar\u0131n\u0131n kald\u0131r\u0131lmas\u0131 i\u00e7in Anayasa Mahkemesine ba\u015fvurdu.<\/h1>\n<p>Meral Ak\u015fener&#8217;in avukat\u0131 Feridun Bah\u015fi taraf\u0131ndan verilen itiraz dilek\u00e7esinde &#8220;Anayasan\u0131n 38. maddesinde belirtilen adil yarg\u0131lanma hakk\u0131 ve 36. maddesinde belirtilen savunma hakk\u0131m\u0131z\u0131n hem mahkemece verilen h\u00fck\u00fcm do\u011frultusunda hem de MHP disiplin kurulunca ihlal edildi\u011fi<br \/>\nkanaatinde oldu\u011fumuz i\u00e7in Anayasa Mahkemesi&#8217;ne bireysel ba\u015fvuru hakk\u0131m\u0131za dayanarak i\u015fbu dilek\u00e7iyi sunuyoruz&#8221; dedi.<\/p>\n<!-- Error, Advert is not available at this time due to schedule\/geolocation restrictions! -->\n","protected":false},"excerpt":{"rendered":"<p>MHP&#8217;den ihra\u00e7 edilmesi sonras\u0131 bireysel ba\u015fvuru hakk\u0131n\u0131 kullanan Meral Ak\u015fener, 6 sayfal\u0131k bir dilek\u00e7eyle ihra\u00e7 karar\u0131n\u0131n kald\u0131r\u0131lmas\u0131 i\u00e7in Anayasa Mahkemesine ba\u015fvurdu. Meral Ak\u015fener&#8217;in avukat\u0131 Feridun Bah\u015fi taraf\u0131ndan verilen itiraz dilek\u00e7esinde &#8220;Anayasan\u0131n 38. maddesinde belirtilen adil yarg\u0131lanma hakk\u0131 ve 36. maddesinde belirtilen savunma hakk\u0131m\u0131z\u0131n hem mahkemece verilen h\u00fck\u00fcm do\u011frultusunda hem de MHP disiplin kurulunca ihlal edildi\u011fi &hellip;<\/p>\n","protected":false},"author":4,"featured_media":245411,"comment_status":"open","ping_status":"open","sticky":false,"template":"","format":"standard","meta":{"_acf_changed":false,"footnotes":""},"categories":[6155,5005,6202,349],"tags":[11271,99575,10829],"class_list":["post-245410","post","type-post","status-publish","format-standard","has-post-thumbnail","hentry","category-gundem","category-manset","category-politika","category-son-dakika","tag-anayasa-mahkemesi","tag-meral-aksener","tag-mhp"],"acf":[],"_links":{"self":[{"href":"https:\/\/www.nationalturk.com\/tr\/wp-json\/wp\/v2\/posts\/245410","targetHints":{"allow":["GET"]}}],"collection":[{"href":"https:\/\/www.nationalturk.com\/tr\/wp-json\/wp\/v2\/posts"}],"about":[{"href":"https:\/\/www.nationalturk.com\/tr\/wp-json\/wp\/v2\/types\/post"}],"author":[{"embeddable":true,"href":"https:\/\/www.nationalturk.com\/tr\/wp-json\/wp\/v2\/users\/4"}],"replies":[{"embeddable":true,"href":"https:\/\/www.nationalturk.com\/tr\/wp-json\/wp\/v2\/comments?post=245410"}],"version-history":[{"count":0,"href":"https:\/\/www.nationalturk.com\/tr\/wp-json\/wp\/v2\/posts\/245410\/revisions"}],"wp:featuredmedia":[{"embeddable":true,"href":"https:\/\/www.nationalturk.com\/tr\/wp-json\/wp\/v2\/media\/245411"}],"wp:attachment":[{"href":"https:\/\/www.nationalturk.com\/tr\/wp-json\/wp\/v2\/media?parent=245410"}],"wp:term":[{"taxonomy":"category","embeddable":true,"href":"https:\/\/www.nationalturk.com\/tr\/wp-json\/wp\/v2\/categories?post=245410"},{"taxonomy":"post_tag","embeddable":true,"href":"https:\/\/www.nationalturk.com\/tr\/wp-json\/wp\/v2\/tags?post=245410"}],"curies":[{"name":"wp","href":"https:\/\/api.w.org\/{rel}","templated":true}]}}