{"id":245486,"date":"2017-01-27T11:44:00","date_gmt":"2017-01-27T08:44:00","guid":{"rendered":"http:\/\/www.nationalturk.com\/?p=245486"},"modified":"2017-01-27T11:44:00","modified_gmt":"2017-01-27T08:44:00","slug":"75-yasindaki-delikanli-daga-tirmandi","status":"publish","type":"post","link":"https:\/\/www.nationalturk.com\/tr\/75-yasindaki-delikanli-daga-tirmandi\/","title":{"rendered":"75 ya\u015f\u0131ndaki delikanl\u0131 da\u011fa t\u0131rmand\u0131"},"content":{"rendered":"<h1>T\u00fcrkiye Da\u011fc\u0131l\u0131k Federasyonu Hakkari \u0130l Temsilcili\u011fince d\u00fczenlenen etkinli\u011fe kat\u0131lan 75 ya\u015f\u0131ndaki Ramazan Akba\u015f, beraberindekilerle Vatan Da\u011f\u0131&#8217;na t\u0131rmand\u0131.<\/h1>\n<p>T\u00fcrkiye Da\u011fc\u0131l\u0131k Federasyonu Hakkari \u0130l Temsilcili\u011fi taraf\u0131ndan 2 bin 450 rak\u0131ml\u0131 Vatan Da\u011f\u0131&#8217;na d\u00fczenlenen t\u0131rman\u0131\u015f i\u00e7in 10 da\u011fc\u0131, sabah saatlerinde bir araya geldi.<\/p>\n<p>T\u0131rman\u0131\u015fa kat\u0131lan 9 \u00e7ocuk, 16 torun sahibi Ramazan Akba\u015f&#8217;\u0131n (75), ilerleyen ya\u015f\u0131na ra\u011fmen grubun \u00f6n\u00fcnde y\u00fcr\u00fcmesi dikkati \u00e7ekti.<\/p>\n<p>Akba\u015f, yapt\u0131\u011f\u0131 a\u00e7\u0131klamada, arkada\u015flar\u0131yla daha \u00f6nce Hakkari&#8217;nin S\u00fcmb\u00fcl ve Cilo da\u011flar\u0131na t\u0131rman\u0131\u015f ger\u00e7ekle\u015ftirdiklerini s\u00f6yledi.<\/p>\n<p>Bu y\u00fcksek da\u011flara t\u0131rman\u0131\u015f\u0131n zor oldu\u011funu anlatan Akba\u015f, &#8220;Arkada\u015flar\u0131m bazen &#8216;Amcam\u0131z ya\u015fl\u0131d\u0131r, belki hasta olur, g\u00f6t\u00fcrmeyelim&#8217; diyorlar, k\u0131yam\u0131yorlar bana. Ben de arkada\u015flar\u0131m\u0131 gizliden dinliyorum. Gidecekleri yeri \u00f6\u011frendikten sonra haz\u0131rl\u0131\u011f\u0131m\u0131 yap\u0131p, onlardan \u00f6nce orada haz\u0131r bulunuyorum. Burada \u00e7ok samimi arkada\u015flar buldum. Onlar\u0131 terk etmek istemiyorum.&#8221; dedi.<\/p>\n<p>Federasyonun \u0130l Temsilcisi Naci Ertun\u00e7 ise yapt\u0131klar\u0131 t\u0131rman\u0131\u015flarla Hakkari da\u011flar\u0131n\u0131 tan\u0131tmak istediklerini s\u00f6yledi.<\/p>\n<p>Hakkari&#8217;nin &#8220;ter\u00f6r b\u00f6lgesi&#8221; olarak bilindi\u011fini belirten Ertun\u00e7, &#8220;Ancak bilindi\u011fi gibi de\u011fil. Bunu her defas\u0131nda buraya gelen \u0130\u00e7i\u015fleri Bakan\u0131m\u0131z da dile getirmekte. T\u00fcm da\u011fc\u0131 arkada\u015flar\u0131 buraya davet ediyorum. Vatan Da\u011f\u0131 t\u0131rman\u0131\u015f\u0131m\u0131z d\u0131\u015f\u0131nda 10 k\u0131\u015f t\u0131rman\u0131\u015f\u0131 daha ger\u00e7ekle\u015ftirece\u011fiz.&#8221; diye konu\u015ftu.<\/p>\n<p>T\u0131rman\u0131\u015fa kat\u0131lan T\u00fcrkiye Kayak Federasyonu \u0130l Temsilcisi Turgut Besi ise kentin tan\u0131t\u0131m\u0131na y\u00f6nelik k\u0131\u015f etkinlikleri d\u00fczenlediklerini ifade etti.<\/p>\n<p>Hakkari&#8217;nin k\u0131\u015f turizmi i\u00e7in \u00e7ok uygun oldu\u011funu vurgulayan Besi, &#8220;T\u00fcrkiye ve yurt d\u0131\u015f\u0131ndaki da\u011fc\u0131lar\u0131, bu t\u00fcr etkinliklere g\u00f6n\u00fcl vermi\u015f insanlar\u0131 Hakkari&#8217;ye davet ediyoruz.&#8221; dedi.<\/p>\n<!-- Error, Advert is not available at this time due to schedule\/geolocation restrictions! -->\n","protected":false},"excerpt":{"rendered":"<p>T\u00fcrkiye Da\u011fc\u0131l\u0131k Federasyonu Hakkari \u0130l Temsilcili\u011fince d\u00fczenlenen etkinli\u011fe kat\u0131lan 75 ya\u015f\u0131ndaki Ramazan Akba\u015f, beraberindekilerle Vatan Da\u011f\u0131&#8217;na t\u0131rmand\u0131. T\u00fcrkiye Da\u011fc\u0131l\u0131k Federasyonu Hakkari \u0130l Temsilcili\u011fi taraf\u0131ndan 2 bin 450 rak\u0131ml\u0131 Vatan Da\u011f\u0131&#8217;na d\u00fczenlenen t\u0131rman\u0131\u015f i\u00e7in 10 da\u011fc\u0131, sabah saatlerinde bir araya geldi. T\u0131rman\u0131\u015fa kat\u0131lan 9 \u00e7ocuk, 16 torun sahibi Ramazan Akba\u015f&#8217;\u0131n (75), ilerleyen ya\u015f\u0131na ra\u011fmen grubun \u00f6n\u00fcnde &hellip;<\/p>\n","protected":false},"author":4,"featured_media":245487,"comment_status":"open","ping_status":"open","sticky":false,"template":"","format":"standard","meta":{"_acf_changed":false,"footnotes":""},"categories":[6155,5005,6805],"tags":[11020],"class_list":["post-245486","post","type-post","status-publish","format-standard","has-post-thumbnail","hentry","category-gundem","category-manset","category-turkiye","tag-hakkari"],"acf":[],"_links":{"self":[{"href":"https:\/\/www.nationalturk.com\/tr\/wp-json\/wp\/v2\/posts\/245486","targetHints":{"allow":["GET"]}}],"collection":[{"href":"https:\/\/www.nationalturk.com\/tr\/wp-json\/wp\/v2\/posts"}],"about":[{"href":"https:\/\/www.nationalturk.com\/tr\/wp-json\/wp\/v2\/types\/post"}],"author":[{"embeddable":true,"href":"https:\/\/www.nationalturk.com\/tr\/wp-json\/wp\/v2\/users\/4"}],"replies":[{"embeddable":true,"href":"https:\/\/www.nationalturk.com\/tr\/wp-json\/wp\/v2\/comments?post=245486"}],"version-history":[{"count":0,"href":"https:\/\/www.nationalturk.com\/tr\/wp-json\/wp\/v2\/posts\/245486\/revisions"}],"wp:featuredmedia":[{"embeddable":true,"href":"https:\/\/www.nationalturk.com\/tr\/wp-json\/wp\/v2\/media\/245487"}],"wp:attachment":[{"href":"https:\/\/www.nationalturk.com\/tr\/wp-json\/wp\/v2\/media?parent=245486"}],"wp:term":[{"taxonomy":"category","embeddable":true,"href":"https:\/\/www.nationalturk.com\/tr\/wp-json\/wp\/v2\/categories?post=245486"},{"taxonomy":"post_tag","embeddable":true,"href":"https:\/\/www.nationalturk.com\/tr\/wp-json\/wp\/v2\/tags?post=245486"}],"curies":[{"name":"wp","href":"https:\/\/api.w.org\/{rel}","templated":true}]}}