{"id":245756,"date":"2017-02-02T12:09:34","date_gmt":"2017-02-02T09:09:34","guid":{"rendered":"http:\/\/www.nationalturk.com\/?p=245756"},"modified":"2017-02-02T12:09:34","modified_gmt":"2017-02-02T09:09:34","slug":"son-dakika-derbinin-hakemi-belli-oldu","status":"publish","type":"post","link":"https:\/\/www.nationalturk.com\/tr\/son-dakika-derbinin-hakemi-belli-oldu\/","title":{"rendered":"Son Dakika: Derbinin hakemi belli oldu"},"content":{"rendered":"<h1>Ziraat T\u00fcrkiye Kupas\u0131 son 16 turunda Be\u015fikta\u015f ile Fenerbah\u00e7e aras\u0131nda oynanacak kar\u015f\u0131la\u015fmay\u0131 y\u00f6netecek hakem belli oldu.<\/h1>\n<p>Be\u015fikta\u015f-Fenerbah\u00e7e derbisini hakem Ali Palab\u0131y\u0131k y\u00f6netecek. Palab\u0131y\u0131k&#8217;\u0131n yard\u0131mc\u0131l\u0131klar\u0131n\u0131, Mehmet Cem Satman ve Serkan Olguncan yapacak. Kar\u015f\u0131la\u015fman\u0131n d\u00f6rd\u00fcnc\u00fc hakemi ise Ya\u015far Kemal U\u011furlu.<\/p>\n<p>Be\u015fikta\u015f Fenerbah\u00e7e ma\u00e7\u0131\u00a05 \u015eubat Pazar g\u00fcn\u00fc saat 20.30\u2019da Vodafone Arena&#8217;da oynanacak. Kar\u015f\u0131la\u015fma ATV kanal\u0131ndan canl\u0131 olarak yay\u0131nlanacak.<\/p>\n<!-- Error, Advert is not available at this time due to schedule\/geolocation restrictions! -->\n","protected":false},"excerpt":{"rendered":"<p>Ziraat T\u00fcrkiye Kupas\u0131 son 16 turunda Be\u015fikta\u015f ile Fenerbah\u00e7e aras\u0131nda oynanacak kar\u015f\u0131la\u015fmay\u0131 y\u00f6netecek hakem belli oldu. Be\u015fikta\u015f-Fenerbah\u00e7e derbisini hakem Ali Palab\u0131y\u0131k y\u00f6netecek. Palab\u0131y\u0131k&#8217;\u0131n yard\u0131mc\u0131l\u0131klar\u0131n\u0131, Mehmet Cem Satman ve Serkan Olguncan yapacak. Kar\u015f\u0131la\u015fman\u0131n d\u00f6rd\u00fcnc\u00fc hakemi ise Ya\u015far Kemal U\u011furlu. Be\u015fikta\u015f Fenerbah\u00e7e ma\u00e7\u0131\u00a05 \u015eubat Pazar g\u00fcn\u00fc saat 20.30\u2019da Vodafone Arena&#8217;da oynanacak. Kar\u015f\u0131la\u015fma ATV kanal\u0131ndan canl\u0131 olarak yay\u0131nlanacak.<\/p>\n","protected":false},"author":4,"featured_media":245757,"comment_status":"open","ping_status":"open","sticky":false,"template":"","format":"standard","meta":{"_acf_changed":false,"footnotes":""},"categories":[6774,5005,349,6194],"tags":[176520,1748,9303,27382],"class_list":["post-245756","post","type-post","status-publish","format-standard","has-post-thumbnail","hentry","category-futbol","category-manset","category-son-dakika","category-spor","tag-ali-palabiyik","tag-besiktas","tag-besiktas-fenerbahce","tag-son-dakika"],"acf":[],"_links":{"self":[{"href":"https:\/\/www.nationalturk.com\/tr\/wp-json\/wp\/v2\/posts\/245756","targetHints":{"allow":["GET"]}}],"collection":[{"href":"https:\/\/www.nationalturk.com\/tr\/wp-json\/wp\/v2\/posts"}],"about":[{"href":"https:\/\/www.nationalturk.com\/tr\/wp-json\/wp\/v2\/types\/post"}],"author":[{"embeddable":true,"href":"https:\/\/www.nationalturk.com\/tr\/wp-json\/wp\/v2\/users\/4"}],"replies":[{"embeddable":true,"href":"https:\/\/www.nationalturk.com\/tr\/wp-json\/wp\/v2\/comments?post=245756"}],"version-history":[{"count":0,"href":"https:\/\/www.nationalturk.com\/tr\/wp-json\/wp\/v2\/posts\/245756\/revisions"}],"wp:featuredmedia":[{"embeddable":true,"href":"https:\/\/www.nationalturk.com\/tr\/wp-json\/wp\/v2\/media\/245757"}],"wp:attachment":[{"href":"https:\/\/www.nationalturk.com\/tr\/wp-json\/wp\/v2\/media?parent=245756"}],"wp:term":[{"taxonomy":"category","embeddable":true,"href":"https:\/\/www.nationalturk.com\/tr\/wp-json\/wp\/v2\/categories?post=245756"},{"taxonomy":"post_tag","embeddable":true,"href":"https:\/\/www.nationalturk.com\/tr\/wp-json\/wp\/v2\/tags?post=245756"}],"curies":[{"name":"wp","href":"https:\/\/api.w.org\/{rel}","templated":true}]}}