{"id":245914,"date":"2017-02-06T15:02:37","date_gmt":"2017-02-06T12:02:37","guid":{"rendered":"http:\/\/www.nationalturk.com\/?p=245914"},"modified":"2017-02-06T15:02:37","modified_gmt":"2017-02-06T12:02:37","slug":"tahttaki-65-yilini-geride-birakti","status":"publish","type":"post","link":"https:\/\/www.nationalturk.com\/tr\/tahttaki-65-yilini-geride-birakti\/","title":{"rendered":"Tahttaki 65. y\u0131l\u0131n\u0131 geride b\u0131rakt\u0131"},"content":{"rendered":"<h1>Birle\u015fik Krall\u0131k&#8217;ta en uzun s\u00fcreli monark olan \u0130ngiltere Krali\u00e7esi 2. Elizabeth, tahttaki 65. y\u0131l\u0131n\u0131 tamamlarken, \u00fclke genelinde kutlamalar d\u00fczenleniyor.<\/h1>\n<p>&#8220;Safir Y\u0131ld\u00f6n\u00fcm\u00fc&#8221; ad\u0131 alt\u0131nda yap\u0131lan etkinlikler \u00e7er\u00e7evesinde bug\u00fcn ba\u015fkent Londra&#8217;da da \u00e7e\u015fitli t\u00f6renler d\u00fczenlenecek.<\/p>\n<p>T\u00f6renlerde, krali\u00e7enin resmi konutu Buckingham Saray\u0131&#8217;n\u0131n yan\u0131ndaki Green Park&#8217;tan 41, Thames Nehri k\u0131y\u0131s\u0131nda bulunan Londra Kalesi&#8217;nden ise 62 pare top at\u0131\u015f\u0131 yap\u0131lacak. T\u00f6renlere Kraliyet top\u00e7u bandosu da kat\u0131lacak.<\/p>\n<p>Ayr\u0131ca krali\u00e7enin tahttaki 65. y\u0131l\u0131n\u0131 \u00f6l\u00fcms\u00fczle\u015ftirmesi amac\u0131yla \u00fcnl\u00fc \u0130ngiliz foto\u011fraf\u00e7\u0131 David Bailey taraf\u0131ndan \u00e7ekilen, krali\u00e7enin portre foto\u011fraf\u0131 da bug\u00fcn kamuyla payla\u015f\u0131ld\u0131. Foto\u011frafta, mavi ve \u00fczeri i\u015flemeli bir k\u0131yafet tercih etti\u011fi g\u00f6r\u00fclen krali\u00e7e, babas\u0131 Kral 6. George&#8217;un 1947 y\u0131l\u0131nda d\u00fc\u011f\u00fcn hediyesi olarak kendisine arma\u011fan etti\u011fi safir kolyeyi ve k\u00fcpeleri takt\u0131.<\/p>\n<p>\u00d6te yandan, \u0130ngiltere Kraliyet Darphanesi, &#8220;Safir Y\u0131ld\u00f6n\u00fcm\u00fc&#8221; vesilesiyle hat\u0131ra para seti bast\u0131.<\/p>\n<p>Krali\u00e7e, &#8220;Safir Y\u0131ld\u00f6n\u00fcm\u00fc&#8221; kutlamalar\u0131 kapsam\u0131nda bug\u00fcn\u00fc e\u015fi Edinburgh D\u00fck\u00fc Philip ile birlikte \u0130ngiliz hanedan\u0131n\u0131n 4 ku\u015fakt\u0131r kulland\u0131\u011f\u0131 bir saray\u0131n bulundu\u011fu Sandringham&#8217;da ge\u00e7irecek. \u00c7iftin birka\u00e7 g\u00fcn i\u00e7erisinde Londra&#8217;daki resmi konutlar\u0131 olan Buckingham Saray\u0131&#8217;na d\u00f6nmesi bekleniyor.<\/p>\n<!-- Error, Advert is not available at this time due to schedule\/geolocation restrictions! -->\n<p>25 ya\u015f\u0131nda tahta \u00e7\u0131kt\u0131<br \/>\nKral 6. George, 6 \u015eubat 1952&#8217;de Sandringham&#8217;da hayat\u0131n\u0131 kaybetmi\u015fti. Babas\u0131n\u0131n \u00f6l\u00fcm\u00fcn\u00fc takiben 25 ya\u015f\u0131nda tahta \u00e7\u0131kan Krali\u00e7e 2. Elizabeth, 2015 y\u0131l\u0131nda b\u00fcy\u00fckannesi Krali\u00e7e Victoria&#8217;n\u0131n rekorunu k\u0131rarak 89 ya\u015f\u0131ndayken, \u0130ngiliz monar\u015fisinin en uzun s\u00fcre tahtta kalan monark\u0131 oldu.<\/p>\n<p>90 ya\u015f\u0131ndaki Krali\u00e7e 2. Elizabeth, tahtta bulundu\u011fu s\u00fcre boyunca Winston Churchill&#8217;den Theresa May&#8217;e kadar toplam 14 \u0130ngiliz Ba\u015fbakan\u0131 g\u00f6rd\u00fc.<\/p>\n<p>Krali\u00e7e 1952 y\u0131l\u0131nda tahtta \u00e7\u0131kt\u0131\u011f\u0131nda Joseph Stalin hala Sovyetler Birli\u011fi&#8217;nin lideriydi, ABD Ba\u015fkan\u0131 ise Harry Truman&#8217;d\u0131. Krali\u00e7e&#8217;nin 1953 y\u0131l\u0131ndaki ta\u00e7 giyme t\u00f6reni, televizyondan canl\u0131 yay\u0131nlanan ilk kraliyet ta\u00e7 giyme t\u00f6reni oldu.<\/p>\n<p>T\u00fcrkiye&#8217;yi iki kez ziyaret etti<br \/>\nT\u00fcrkiye&#8217;yi 1971 ve 2008 y\u0131llar\u0131nda ziyaret eden Krali\u00e7e 2. Elizabeth, Ankara, \u0130stanbul, \u0130zmir, Ku\u015fadas\u0131 ve Bursa gibi \u015fehirleri gezdi. Krali\u00e7enin mal varl\u0131\u011f\u0131n\u0131n 340 milyon sterlin oldu\u011fu tahmin ediliyor.<\/p>\n<p>Kral 6. George&#8217;un b\u00fcy\u00fck k\u0131z\u0131 olan Krali\u00e7e 2. Elizabeth, 1947 y\u0131l\u0131nda 21 ya\u015f\u0131ndayken Edinburgh D\u00fck\u00fc Philip ile evlendi. \u00c7iftin biri k\u0131z, d\u00f6rt \u00e7ocu\u011fu bulunuyor. Krali\u00e7e&#8217;nin tahtta kalma rekoru, en b\u00fcy\u00fck o\u011flu 68 ya\u015f\u0131ndaki Galler Prensi Charles&#8217;\u0131n da Birle\u015fik Krall\u0131k&#8217;ta en uzun s\u00fcredir taht\u0131 bekleyen varis olmas\u0131na neden oldu.<\/p>\n<p>&#8220;Safir Y\u0131ld\u00f6n\u00fcm\u00fc&#8221;nden \u00f6nce krali\u00e7enin tahttaki 60. y\u0131l\u0131 &#8220;&#8216;P\u0131rlanta Y\u0131ld\u00f6n\u00fcm\u00fc&#8221; ad\u0131yla 2012 y\u0131l\u0131nda, tahttaki 50. y\u0131l\u0131 &#8221;Alt\u0131n Y\u0131ld\u00f6n\u00fcm\u00fc&#8221; ad\u0131yla 2002 y\u0131l\u0131nda, 25. y\u0131l\u0131 ise &#8221;G\u00fcm\u00fc\u015f Y\u0131ld\u00f6n\u00fcm\u00fc&#8221; ad\u0131yla 1977 y\u0131l\u0131nda kutlanm\u0131\u015ft\u0131.<\/p>\n<p>Krali\u00e7enin tahta \u00e7\u0131k\u0131\u015f\u0131n\u0131n 70. y\u0131l\u0131n\u0131n da &#8220;Platin Y\u0131ld\u00f6n\u00fcm\u00fc&#8221; ad\u0131 alt\u0131nda 2022 y\u0131l\u0131nda kutlanmas\u0131 \u00f6ng\u00f6r\u00fcl\u00fcyor.<\/p>\n<p>Krali\u00e7e&#8217;nin sa\u011fl\u0131k durumu<br \/>\n\u0130ngiltere Krali\u00e7esi 2. Elizabeth, ge\u00e7en aral\u0131kta ge\u00e7irdi\u011fi &#8220;a\u011f\u0131r so\u011fuk alg\u0131nl\u0131\u011f\u0131&#8221; y\u00fcz\u00fcnden geleneksel Noel ayini ile yeni y\u0131l kilise ayinlerine kat\u0131lamam\u0131\u015ft\u0131. Krali\u00e7enin son d\u00f6nemde g\u00f6zlerden uzakta olmas\u0131 ve halkla bir araya geldi\u011fi etkinliklere kat\u0131l\u0131m\u0131ndaki d\u00fc\u015f\u00fc\u015f, dikkatleri krali\u00e7enin sa\u011fl\u0131k durumuna \u00e7ekiyor.<\/p>\n<p>Ge\u00e7en y\u0131l ayr\u0131ca, krali\u00e7enin himayesindeki baz\u0131 sivil toplum kurulu\u015flar\u0131yla ilgili sorumluluklar\u0131n\u0131 hanedan\u0131n di\u011fer \u00fcyelerine devredece\u011fi a\u00e7\u0131klanm\u0131\u015ft\u0131. Sa\u011fl\u0131k sorunlar\u0131 ile baz\u0131 sorumluluklar\u0131n\u0131 hanedan \u00fcyelerine devretmesi, Krali\u00e7e 2. Elizabeth&#8217;in 2017&#8217;de emekliye ayr\u0131labilece\u011fi spek\u00fclasyonlar\u0131na yol a\u00e7m\u0131\u015ft\u0131.<\/p>\n<p>Krali\u00e7enin sa\u011fl\u0131k sorunlar\u0131n\u0131n artmas\u0131 ve kendi iradesiyle taht\u0131 b\u0131rakmamas\u0131 durumunda, \u0130ngiliz kanunlar\u0131na g\u00f6re parlamentonun alt kanad\u0131 Avam Kamaras\u0131 ba\u015fkan\u0131n\u0131n da aralar\u0131nda oldu\u011fu baz\u0131 siyaset\u00e7i ve b\u00fcrokratlardan olu\u015fan bir heyet kendisini g\u00f6revden azledebiliyor.<\/p>\n<p>\u0130kinci Elizabeth&#8217;in taht\u0131 b\u0131rakmas\u0131 halinde o\u011flu Charles tahta ge\u00e7ecek. B\u00f6yle bir durumda 68 ya\u015f\u0131ndaki Charles \u0130ngiliz tarihinin tahta \u00e7\u0131kan en ya\u015fl\u0131 monark\u0131 unvan\u0131n\u0131 alacak. Charles&#8217;\u0131n ard\u0131ndan taht s\u0131ras\u0131nda o\u011flu William ve torunu George bulunuyor.<\/p>\n<!-- Error, Advert is not available at this time due to schedule\/geolocation restrictions! -->\n","protected":false},"excerpt":{"rendered":"<p>Birle\u015fik Krall\u0131k&#8217;ta en uzun s\u00fcreli monark olan \u0130ngiltere Krali\u00e7esi 2. Elizabeth, tahttaki 65. y\u0131l\u0131n\u0131 tamamlarken, \u00fclke genelinde kutlamalar d\u00fczenleniyor. &#8220;Safir Y\u0131ld\u00f6n\u00fcm\u00fc&#8221; ad\u0131 alt\u0131nda yap\u0131lan etkinlikler \u00e7er\u00e7evesinde bug\u00fcn ba\u015fkent Londra&#8217;da da \u00e7e\u015fitli t\u00f6renler d\u00fczenlenecek. T\u00f6renlerde, krali\u00e7enin resmi konutu Buckingham Saray\u0131&#8217;n\u0131n yan\u0131ndaki Green Park&#8217;tan 41, Thames Nehri k\u0131y\u0131s\u0131nda bulunan Londra Kalesi&#8217;nden ise 62 pare top at\u0131\u015f\u0131 yap\u0131lacak. &hellip;<\/p>\n","protected":false},"author":4,"featured_media":245915,"comment_status":"open","ping_status":"open","sticky":false,"template":"","format":"standard","meta":{"_acf_changed":false,"footnotes":""},"categories":[6770,6665,6155,5005,6202],"tags":[68610,181782,1874,85920,141805],"class_list":["post-245914","post","type-post","status-publish","format-standard","has-post-thumbnail","hentry","category-avrupa","category-dunya","category-gundem","category-manset","category-politika","tag-britanya","tag-elizabeth","tag-ingiltere","tag-kralice-elizabeth","tag-prens-charles"],"acf":[],"_links":{"self":[{"href":"https:\/\/www.nationalturk.com\/tr\/wp-json\/wp\/v2\/posts\/245914","targetHints":{"allow":["GET"]}}],"collection":[{"href":"https:\/\/www.nationalturk.com\/tr\/wp-json\/wp\/v2\/posts"}],"about":[{"href":"https:\/\/www.nationalturk.com\/tr\/wp-json\/wp\/v2\/types\/post"}],"author":[{"embeddable":true,"href":"https:\/\/www.nationalturk.com\/tr\/wp-json\/wp\/v2\/users\/4"}],"replies":[{"embeddable":true,"href":"https:\/\/www.nationalturk.com\/tr\/wp-json\/wp\/v2\/comments?post=245914"}],"version-history":[{"count":0,"href":"https:\/\/www.nationalturk.com\/tr\/wp-json\/wp\/v2\/posts\/245914\/revisions"}],"wp:featuredmedia":[{"embeddable":true,"href":"https:\/\/www.nationalturk.com\/tr\/wp-json\/wp\/v2\/media\/245915"}],"wp:attachment":[{"href":"https:\/\/www.nationalturk.com\/tr\/wp-json\/wp\/v2\/media?parent=245914"}],"wp:term":[{"taxonomy":"category","embeddable":true,"href":"https:\/\/www.nationalturk.com\/tr\/wp-json\/wp\/v2\/categories?post=245914"},{"taxonomy":"post_tag","embeddable":true,"href":"https:\/\/www.nationalturk.com\/tr\/wp-json\/wp\/v2\/tags?post=245914"}],"curies":[{"name":"wp","href":"https:\/\/api.w.org\/{rel}","templated":true}]}}