{"id":246165,"date":"2017-02-10T12:41:51","date_gmt":"2017-02-10T09:41:51","guid":{"rendered":"http:\/\/www.nationalturk.com\/?p=246165"},"modified":"2017-02-10T12:59:21","modified_gmt":"2017-02-10T09:59:21","slug":"son-dakika-erdogan-onayladi","status":"publish","type":"post","link":"https:\/\/www.nationalturk.com\/tr\/son-dakika-erdogan-onayladi\/","title":{"rendered":"Son Dakika! Erdo\u011fan onaylad\u0131"},"content":{"rendered":"<h1>Cumhurba\u015fkan\u0131 Recep Tayyip Erdo\u011fan anayasa de\u011fi\u015fiklik paketini onaylayarak Ba\u015fbakanl\u0131\u011fa g\u00f6nderdi. \/ Son Dakika&#8230;<\/h1>\n<p>Cumhurba\u015fkanl\u0131\u011f\u0131 Bas\u0131n Merkezi&#8217;nden yap\u0131lan a\u00e7\u0131klamada, Cumhurba\u015fkan\u0131 Recep Tayyip Erdo\u011fan taraf\u0131ndan 6771 Say\u0131l\u0131 &#8220;T\u00fcrkiye Cumhuriyeti Anayasas\u0131&#8217;nda De\u011fi\u015fiklik Yap\u0131lmas\u0131na Dair Kanun&#8221;nun, Anayasa&#8217;n\u0131n 175&#8217;inci maddesinin d\u00f6rd\u00fcnc\u00fc f\u0131kras\u0131 gere\u011fince halkoyuna sunulmak \u00fczere, yay\u0131mlanmas\u0131 i\u00e7in Ba\u015fbakanl\u0131\u011fa g\u00f6nderildi\u011fi bildirildi.<\/p>\n<p>Buna g\u00f6re, milletvekili say\u0131s\u0131 550&#8217;den 600&#8217;e \u00e7\u0131kar\u0131lacak, milletvekili se\u00e7ilebilme ya\u015f\u0131 25&#8217;ten, 18&#8217;e indirilecek.<\/p>\n<p>TBMM ve cumhurba\u015fkan\u0131 se\u00e7imleri 5 y\u0131lda bir ayn\u0131 g\u00fcn yap\u0131lacak. Cumhurba\u015fkan\u0131 se\u00e7ilen ki\u015finin partisiyle ili\u015fi\u011fi kesilmeyecek.<\/p>\n<p>Cumhurba\u015fkanl\u0131\u011f\u0131na, siyasi parti gruplar\u0131, en son yap\u0131lan genel se\u00e7imlerde toplam ge\u00e7erli oylar\u0131n tek ba\u015f\u0131na veya birlikte en az y\u00fczde 5&#8217;ini alan partiler ile en az 100 bin se\u00e7men aday g\u00f6sterebilecek.<\/p>\n<p>TBMM genel se\u00e7imi ile cumhurba\u015fkan\u0131 se\u00e7imi birlikte yap\u0131lacak<br \/>\nCumhurba\u015fkan\u0131 hakk\u0131nda, bir su\u00e7 i\u015fledi\u011fi iddias\u0131yla TBMM \u00fcye tam say\u0131s\u0131n\u0131n salt \u00e7o\u011funlu\u011funun verece\u011fi \u00f6nergeyle soru\u015fturma a\u00e7\u0131lmas\u0131 istenebilecek.<\/p>\n<p>Cumhurba\u015fkan\u0131 yard\u0131mc\u0131lar\u0131 ve bakanlar, cumhurba\u015fkan\u0131 taraf\u0131ndan atanacak ve g\u00f6revden al\u0131nacak. Bakanl\u0131klar\u0131n kurulmas\u0131, kald\u0131r\u0131lmas\u0131, g\u00f6revleri ve yetkileri ile te\u015fkilat yap\u0131s\u0131 ile merkez ve ta\u015fra te\u015fkilatlar\u0131n\u0131n kurulmas\u0131, Cumhurba\u015fkanl\u0131\u011f\u0131 kararnamesiyle d\u00fczenlenecek.<\/p>\n<p>TBMM, \u00fcye tam say\u0131s\u0131n\u0131n 5&#8217;te 3 \u00e7o\u011funlu\u011fu ile se\u00e7imlerin yenilenmesine karar verebilecek. TBMM genel se\u00e7imi ile cumhurba\u015fkan\u0131 se\u00e7imi birlikte ger\u00e7ekle\u015ftirilecek.<\/p>\n<p>Cumhurba\u015fkan\u0131n\u0131n, se\u00e7imlerin yenilenmesine karar vermesi halinde TBMM genel se\u00e7imi ile cumhurba\u015fkan\u0131 se\u00e7imi birlikte yap\u0131lacak. Cumhurba\u015fkan\u0131n\u0131n ikinci d\u00f6neminde Meclis, se\u00e7imlerin yenilenmesine karar verirse cumhurba\u015fkan\u0131 bir kez daha aday olabilecek.<\/p>\n<p>TBMM&#8217;nin bir sonraki se\u00e7imi ve cumhurba\u015fkan\u0131 se\u00e7imi, 3 Kas\u0131m 2019&#8217;da birlikte yap\u0131lacak. Anayasa Mahkemesinin \u00fcye say\u0131s\u0131 17&#8217;den, 15&#8217;e d\u00fc\u015f\u00fcr\u00fclecek.<\/p>\n<!-- Error, Advert is not available at this time due to schedule\/geolocation restrictions! -->\n","protected":false},"excerpt":{"rendered":"<p>Cumhurba\u015fkan\u0131 Recep Tayyip Erdo\u011fan anayasa de\u011fi\u015fiklik paketini onaylayarak Ba\u015fbakanl\u0131\u011fa g\u00f6nderdi. \/ Son Dakika&#8230; Cumhurba\u015fkanl\u0131\u011f\u0131 Bas\u0131n Merkezi&#8217;nden yap\u0131lan a\u00e7\u0131klamada, Cumhurba\u015fkan\u0131 Recep Tayyip Erdo\u011fan taraf\u0131ndan 6771 Say\u0131l\u0131 &#8220;T\u00fcrkiye Cumhuriyeti Anayasas\u0131&#8217;nda De\u011fi\u015fiklik Yap\u0131lmas\u0131na Dair Kanun&#8221;nun, Anayasa&#8217;n\u0131n 175&#8217;inci maddesinin d\u00f6rd\u00fcnc\u00fc f\u0131kras\u0131 gere\u011fince halkoyuna sunulmak \u00fczere, yay\u0131mlanmas\u0131 i\u00e7in Ba\u015fbakanl\u0131\u011fa g\u00f6nderildi\u011fi bildirildi. Buna g\u00f6re, milletvekili say\u0131s\u0131 550&#8217;den 600&#8217;e \u00e7\u0131kar\u0131lacak, milletvekili se\u00e7ilebilme &hellip;<\/p>\n","protected":false},"author":4,"featured_media":246166,"comment_status":"open","ping_status":"open","sticky":false,"template":"","format":"standard","meta":{"_acf_changed":false,"footnotes":""},"categories":[763],"tags":[787,27382],"class_list":["post-246165","post","type-post","status-publish","format-standard","has-post-thumbnail","hentry","category-gunun-olayi","tag-recep-tayyip-erdogan","tag-son-dakika"],"acf":[],"_links":{"self":[{"href":"https:\/\/www.nationalturk.com\/tr\/wp-json\/wp\/v2\/posts\/246165","targetHints":{"allow":["GET"]}}],"collection":[{"href":"https:\/\/www.nationalturk.com\/tr\/wp-json\/wp\/v2\/posts"}],"about":[{"href":"https:\/\/www.nationalturk.com\/tr\/wp-json\/wp\/v2\/types\/post"}],"author":[{"embeddable":true,"href":"https:\/\/www.nationalturk.com\/tr\/wp-json\/wp\/v2\/users\/4"}],"replies":[{"embeddable":true,"href":"https:\/\/www.nationalturk.com\/tr\/wp-json\/wp\/v2\/comments?post=246165"}],"version-history":[{"count":0,"href":"https:\/\/www.nationalturk.com\/tr\/wp-json\/wp\/v2\/posts\/246165\/revisions"}],"wp:featuredmedia":[{"embeddable":true,"href":"https:\/\/www.nationalturk.com\/tr\/wp-json\/wp\/v2\/media\/246166"}],"wp:attachment":[{"href":"https:\/\/www.nationalturk.com\/tr\/wp-json\/wp\/v2\/media?parent=246165"}],"wp:term":[{"taxonomy":"category","embeddable":true,"href":"https:\/\/www.nationalturk.com\/tr\/wp-json\/wp\/v2\/categories?post=246165"},{"taxonomy":"post_tag","embeddable":true,"href":"https:\/\/www.nationalturk.com\/tr\/wp-json\/wp\/v2\/tags?post=246165"}],"curies":[{"name":"wp","href":"https:\/\/api.w.org\/{rel}","templated":true}]}}