{"id":246170,"date":"2017-02-10T13:31:20","date_gmt":"2017-02-10T10:31:20","guid":{"rendered":"http:\/\/www.nationalturk.com\/?p=246170"},"modified":"2017-02-10T13:31:20","modified_gmt":"2017-02-10T10:31:20","slug":"numan-kurtulmus-referandum-tarihini-acikladi","status":"publish","type":"post","link":"https:\/\/www.nationalturk.com\/tr\/numan-kurtulmus-referandum-tarihini-acikladi\/","title":{"rendered":"Numan Kurtulmu\u015f referandum tarihini a\u00e7\u0131klad\u0131"},"content":{"rendered":"<h1>Ba\u015fbakan Yard\u0131mc\u0131s\u0131 Kurtulmu\u015f,&#8221; Y\u00fcksek Se\u00e7im Kurulu, muhtemelen 16 Nisan tarihini uygun g\u00f6rerek 60 g\u00fcn i\u00e7inde se\u00e7im yap\u0131lmas\u0131yla ilgili karar\u0131n\u0131 \u00f6n\u00fcm\u00fczdeki g\u00fcnlerde verecektir.&#8221; dedi.<\/h1>\n<p>Ba\u015fbakan Yard\u0131mc\u0131s\u0131 Kurtulmu\u015f, &#8220;Say\u0131n Cumhurba\u015fkan\u0131m\u0131z\u0131n anayasa de\u011fi\u015fiklik kanununu onaylamas\u0131yla birlikte bundan sonra g\u00f6zler Y\u00fcksek Se\u00e7im Kurulundad\u0131r. Y\u00fcksek Se\u00e7im Kurulu, muhtemelen 16 Nisan tarihini uygun g\u00f6rerek 60 g\u00fcn i\u00e7inde se\u00e7im yap\u0131lmas\u0131yla ilgili karar\u0131n\u0131 \u00f6n\u00fcm\u00fczdeki g\u00fcnlerde verecektir.&#8221; dedi.<\/p>\n<p>Kurtulmu\u015f, Cumhurba\u015fkan\u0131&#8217;n\u0131n anayasa de\u011fi\u015fikli\u011fine ili\u015fkin kanunu onaylamas\u0131yla ilgili \u015funlar\u0131 s\u00f6yledi:<\/p>\n<!-- Error, Advert is not available at this time due to schedule\/geolocation restrictions! -->\n<p>&#8220;T\u00fcrkiye&#8217;de in\u015fallah 16 Nisan&#8217;da olaca\u011f\u0131 hesaplanan halk oylamas\u0131 ile birlikte egemenlik tam manas\u0131yla kay\u0131ts\u0131z \u015farts\u0131z milletin olacakt\u0131r. Millet bu s\u00fcre\u00e7te g\u00f6r\u00fc\u015f\u00fcn\u00fc, karar\u0131n\u0131, reyini ortaya koyacakt\u0131r. \u00dcmit ederim ki bu se\u00e7im kampanyas\u0131, ayn\u0131 \u015fekilde T\u00fcrkiye demokrasisinin olgunlu\u011funa yak\u0131\u015f\u0131r bir \u015fekilde s\u00fcrd\u00fcr\u00fclecektir. &#8216;Evet&#8217; diyenler, &#8216;hay\u0131r&#8217; diyenler, herkes g\u00f6r\u00fc\u015flerini ortaya koyacak. Herkes a\u00e7\u0131k se\u00e7im kampanyas\u0131n\u0131n par\u00e7as\u0131, taraf\u0131 olacak.&#8221;<\/p>\n<p>&#8216;B\u00fct\u00fcn\u00fcyle bir kazad\u0131r&#8217;<br \/>\nBa\u015fbakan Yard\u0131mc\u0131s\u0131 Kurtulmu\u015f, El Bab&#8217;da Rus u\u00e7a\u011f\u0131n\u0131n kazaen TSK unsurlar\u0131n\u0131n bulundu\u011fu binay\u0131 vurmas\u0131na ili\u015fkin, &#8220;Bizim a\u00e7\u0131m\u0131zdan olay b\u00fct\u00fcn\u00fcyle ayd\u0131nlat\u0131lmaya \u00e7al\u0131\u015f\u0131l\u0131yor, ara\u015ft\u0131r\u0131l\u0131yor. \u0130lk bilgiler koordinasyon yanl\u0131\u015fl\u0131\u011f\u0131, yanl\u0131\u015f bir koordinasyon, herhangi bir \u015fekilde maalesef istem d\u0131\u015f\u0131 meydana gelmi\u015f bir olayd\u0131r. B\u00fct\u00fcn\u00fcyle bir kazad\u0131r ilk bilgilere g\u00f6re ama bunun nas\u0131l vuku buldu\u011fu, bu aradaki koordinasyon meselesinin nas\u0131l bu kadar atlad\u0131\u011f\u0131 ortaya konulacakt\u0131r. Oradaki m\u00fccadelede anla\u015f\u0131l\u0131yor ki \u00e7ok daha yak\u0131n bir koordinasyona ihtiya\u00e7 var.&#8221; dedi.<\/p>\n<!-- Error, Advert is not available at this time due to schedule\/geolocation restrictions! -->\n","protected":false},"excerpt":{"rendered":"<p>Ba\u015fbakan Yard\u0131mc\u0131s\u0131 Kurtulmu\u015f,&#8221; Y\u00fcksek Se\u00e7im Kurulu, muhtemelen 16 Nisan tarihini uygun g\u00f6rerek 60 g\u00fcn i\u00e7inde se\u00e7im yap\u0131lmas\u0131yla ilgili karar\u0131n\u0131 \u00f6n\u00fcm\u00fczdeki g\u00fcnlerde verecektir.&#8221; dedi. Ba\u015fbakan Yard\u0131mc\u0131s\u0131 Kurtulmu\u015f, &#8220;Say\u0131n Cumhurba\u015fkan\u0131m\u0131z\u0131n anayasa de\u011fi\u015fiklik kanununu onaylamas\u0131yla birlikte bundan sonra g\u00f6zler Y\u00fcksek Se\u00e7im Kurulundad\u0131r. Y\u00fcksek Se\u00e7im Kurulu, muhtemelen 16 Nisan tarihini uygun g\u00f6rerek 60 g\u00fcn i\u00e7inde se\u00e7im yap\u0131lmas\u0131yla ilgili karar\u0131n\u0131 &hellip;<\/p>\n","protected":false},"author":4,"featured_media":246171,"comment_status":"open","ping_status":"open","sticky":false,"template":"","format":"standard","meta":{"_acf_changed":false,"footnotes":""},"categories":[763],"tags":[19892],"class_list":["post-246170","post","type-post","status-publish","format-standard","has-post-thumbnail","hentry","category-gunun-olayi","tag-numan-kurtulmus"],"acf":[],"_links":{"self":[{"href":"https:\/\/www.nationalturk.com\/tr\/wp-json\/wp\/v2\/posts\/246170","targetHints":{"allow":["GET"]}}],"collection":[{"href":"https:\/\/www.nationalturk.com\/tr\/wp-json\/wp\/v2\/posts"}],"about":[{"href":"https:\/\/www.nationalturk.com\/tr\/wp-json\/wp\/v2\/types\/post"}],"author":[{"embeddable":true,"href":"https:\/\/www.nationalturk.com\/tr\/wp-json\/wp\/v2\/users\/4"}],"replies":[{"embeddable":true,"href":"https:\/\/www.nationalturk.com\/tr\/wp-json\/wp\/v2\/comments?post=246170"}],"version-history":[{"count":0,"href":"https:\/\/www.nationalturk.com\/tr\/wp-json\/wp\/v2\/posts\/246170\/revisions"}],"wp:featuredmedia":[{"embeddable":true,"href":"https:\/\/www.nationalturk.com\/tr\/wp-json\/wp\/v2\/media\/246171"}],"wp:attachment":[{"href":"https:\/\/www.nationalturk.com\/tr\/wp-json\/wp\/v2\/media?parent=246170"}],"wp:term":[{"taxonomy":"category","embeddable":true,"href":"https:\/\/www.nationalturk.com\/tr\/wp-json\/wp\/v2\/categories?post=246170"},{"taxonomy":"post_tag","embeddable":true,"href":"https:\/\/www.nationalturk.com\/tr\/wp-json\/wp\/v2\/tags?post=246170"}],"curies":[{"name":"wp","href":"https:\/\/api.w.org\/{rel}","templated":true}]}}