{"id":246173,"date":"2017-02-10T13:36:12","date_gmt":"2017-02-10T10:36:12","guid":{"rendered":"http:\/\/www.nationalturk.com\/?p=246173"},"modified":"2017-02-10T13:36:12","modified_gmt":"2017-02-10T10:36:12","slug":"sampiyonluktan-kume-dusmeme-mucadelesine","status":"publish","type":"post","link":"https:\/\/www.nationalturk.com\/tr\/sampiyonluktan-kume-dusmeme-mucadelesine\/","title":{"rendered":"\u015eampiyonluktan k\u00fcme d\u00fc\u015fmeme m\u00fccadelesine"},"content":{"rendered":"<h1>Be\u015fikta\u015f&#8217;ta sergiledi\u011fi etkili performansla \u015fampiyonlukta \u00f6nemli pay sahibi olan Mario Gomez&#8217;in bu sezon formas\u0131n\u0131 giydi\u011fi Alman ekibi Wolfsburg, k\u00fcme d\u00fc\u015fme hatt\u0131n\u0131n sadece 3 puan \u00fczerinde bulunuyor.<\/h1>\n<p>Spor Toto S\u00fcper Lig&#8217;de ge\u00e7en sezon \u015fampiyon olan Be\u015fikta\u015f&#8217;ta sergiledi\u011fi etkili performansla tarihe ge\u00e7en Mario Gomez&#8217;in bu sezon formas\u0131n\u0131 giydi\u011fi Wolfsburg, Almanya Birinci Futbol Ligi&#8217;nde (Bundesliga) zor g\u00fcnler ge\u00e7iriyor.<\/p>\n<p>Alman futbolunun son y\u0131llarda yeti\u015ftirdi\u011fi \u00f6nemli futbolculardan biri olan ve Bayern M\u00fcnih&#8217;te kazand\u0131\u011f\u0131 ba\u015far\u0131larla kariyerinin zirvesine \u00e7\u0131kan Gomez, \u0130talya ekibi Fiorentina&#8217;da ya\u015fad\u0131\u011f\u0131 d\u00fc\u015f\u00fc\u015ften sonra ge\u00e7en sezonun ba\u015f\u0131nda geldi\u011fi Be\u015fikta\u015f&#8217;ta yeniden y\u0131ld\u0131z\u0131n\u0131 parlatt\u0131.<\/p>\n<!-- Error, Advert is not available at this time due to schedule\/geolocation restrictions! -->\n<p>Be\u015fikta\u015f&#8217;\u0131n S\u00fcper Lig \u015fampiyonlu\u011funa ula\u015fmas\u0131nda att\u0131\u011f\u0131 gollerle \u00f6nemli katk\u0131 sa\u011flayan Alman futbolcu, siyah-beyazl\u0131 tak\u0131m\u0131n kadrosunda tutmak istemesine ra\u011fmen bu sezon ba\u015f\u0131nda \u00fclkesinin Wolfsburg ekibine transfer oldu.<\/p>\n<p>Mario Gomez, \u015fu ana kadar ge\u00e7en sezonki performans\u0131ndan uzak bir g\u00f6r\u00fcnt\u00fc sergilerken, tak\u0131m\u0131 Wolsfburg ise Bundesliga&#8217;ya tutunma m\u00fccadelesi veriyor.<\/p>\n<p>K\u00fcme d\u00fc\u015fme hatt\u0131n\u0131n 3 puan \u00fcst\u00fcnde<br \/>\nMario Gomez&#8217;in formas\u0131n\u0131 giydi\u011fi Wolfsburg, 19. haftas\u0131 geride kalan Bundesliga&#8217;da k\u00fcme d\u00fc\u015fme hatt\u0131n\u0131n sadece 3 puan \u00fcst\u00fcnde.<\/p>\n<p>Devre aras\u0131nda Galatasaray&#8217;dan Hamit Alt\u0131ntop&#8217;u renklerine katan Darmstadt 98 ligde 9 puanla son, Ingolstadt da 15 puanla 17. s\u0131rada yer al\u0131yor.<\/p>\n<p>Ligin 15 ve 16. basama\u011f\u0131nda 16&#8217;\u015far puanla Werder Bremen ve Hamburg yer al\u0131rken, Wolfsburg ise 19 puanla 14. s\u0131rada bulunuyor.<\/p>\n<!-- Error, Advert is not available at this time due to schedule\/geolocation restrictions! -->\n","protected":false},"excerpt":{"rendered":"<p>Be\u015fikta\u015f&#8217;ta sergiledi\u011fi etkili performansla \u015fampiyonlukta \u00f6nemli pay sahibi olan Mario Gomez&#8217;in bu sezon formas\u0131n\u0131 giydi\u011fi Alman ekibi Wolfsburg, k\u00fcme d\u00fc\u015fme hatt\u0131n\u0131n sadece 3 puan \u00fczerinde bulunuyor. Spor Toto S\u00fcper Lig&#8217;de ge\u00e7en sezon \u015fampiyon olan Be\u015fikta\u015f&#8217;ta sergiledi\u011fi etkili performansla tarihe ge\u00e7en Mario Gomez&#8217;in bu sezon formas\u0131n\u0131 giydi\u011fi Wolfsburg, Almanya Birinci Futbol Ligi&#8217;nde (Bundesliga) zor g\u00fcnler ge\u00e7iriyor. &hellip;<\/p>\n","protected":false},"author":4,"featured_media":246174,"comment_status":"open","ping_status":"open","sticky":false,"template":"","format":"standard","meta":{"_acf_changed":false,"footnotes":""},"categories":[6774,5005,6194],"tags":[1748,5176,23996,29688],"class_list":["post-246173","post","type-post","status-publish","format-standard","has-post-thumbnail","hentry","category-futbol","category-manset","category-spor","tag-besiktas","tag-bundesliga","tag-mario-gomez","tag-wolfsburg"],"acf":[],"_links":{"self":[{"href":"https:\/\/www.nationalturk.com\/tr\/wp-json\/wp\/v2\/posts\/246173","targetHints":{"allow":["GET"]}}],"collection":[{"href":"https:\/\/www.nationalturk.com\/tr\/wp-json\/wp\/v2\/posts"}],"about":[{"href":"https:\/\/www.nationalturk.com\/tr\/wp-json\/wp\/v2\/types\/post"}],"author":[{"embeddable":true,"href":"https:\/\/www.nationalturk.com\/tr\/wp-json\/wp\/v2\/users\/4"}],"replies":[{"embeddable":true,"href":"https:\/\/www.nationalturk.com\/tr\/wp-json\/wp\/v2\/comments?post=246173"}],"version-history":[{"count":0,"href":"https:\/\/www.nationalturk.com\/tr\/wp-json\/wp\/v2\/posts\/246173\/revisions"}],"wp:featuredmedia":[{"embeddable":true,"href":"https:\/\/www.nationalturk.com\/tr\/wp-json\/wp\/v2\/media\/246174"}],"wp:attachment":[{"href":"https:\/\/www.nationalturk.com\/tr\/wp-json\/wp\/v2\/media?parent=246173"}],"wp:term":[{"taxonomy":"category","embeddable":true,"href":"https:\/\/www.nationalturk.com\/tr\/wp-json\/wp\/v2\/categories?post=246173"},{"taxonomy":"post_tag","embeddable":true,"href":"https:\/\/www.nationalturk.com\/tr\/wp-json\/wp\/v2\/tags?post=246173"}],"curies":[{"name":"wp","href":"https:\/\/api.w.org\/{rel}","templated":true}]}}