{"id":246710,"date":"2017-02-21T13:35:43","date_gmt":"2017-02-21T10:35:43","guid":{"rendered":"http:\/\/www.nationalturk.com\/?p=246710"},"modified":"2017-02-21T13:35:43","modified_gmt":"2017-02-21T10:35:43","slug":"cumhurbaskani-adayi-basortusu-takmadi-kriz-cikti","status":"publish","type":"post","link":"https:\/\/www.nationalturk.com\/tr\/cumhurbaskani-adayi-basortusu-takmadi-kriz-cikti\/","title":{"rendered":"Cumhurba\u015fkan\u0131 aday\u0131 ba\u015f\u00f6rt\u00fcs\u00fc takmad\u0131, kriz \u00e7\u0131kt\u0131"},"content":{"rendered":"<h1>Fransa&#8217;n\u0131n a\u015f\u0131r\u0131 sa\u011fc\u0131 cumhurba\u015fkan\u0131 aday\u0131 Le Pen, L\u00fcbnan temaslar\u0131 kapsam\u0131nda m\u00fcft\u00fcyle g\u00f6r\u00fc\u015fmesi s\u0131ras\u0131nda ba\u015f\u00f6rt\u00fcs\u00fc takmas\u0131 istenince g\u00f6r\u00fc\u015fmeyi terk etti.<\/h1>\n<p>Cumhurba\u015fkan\u0131 aday\u0131 ve Ulusal Cephe Partisinin lideri Marine Le Pen, L\u00fcbnan temaslar\u0131 kapsam\u0131nda m\u00fcft\u00fcyle g\u00f6r\u00fc\u015fmesi s\u0131ras\u0131nda kendisinden ba\u015f\u00f6rt\u00fcs\u00fc takmas\u0131 istenince m\u00fcft\u00fcl\u00fc\u011f\u00fc terk etti.<\/p>\n<p>\u00dclkesinde ya\u015fayan M\u00fcsl\u00fcman n\u00fcfusa y\u00f6nelik yapt\u0131\u011f\u0131 tart\u0131\u015fmal\u0131 a\u00e7\u0131klamalar\u0131yla tan\u0131nan Le Pen&#8217;in d\u00fcn ba\u015flad\u0131\u011f\u0131 L\u00fcbnan temaslar\u0131 kapsam\u0131nda bu sabah L\u00fcbnan M\u00fcft\u00fcs\u00fc Abdullatif Deryan ile g\u00f6r\u00fc\u015fmesi planlan\u0131yordu. Le Pen g\u00f6r\u00fc\u015fme yerine geldi\u011finde, m\u00fcft\u00fcl\u00fck yetkilileri Le Pen ve beraberindeki heyeti ellerinde ba\u015f\u00f6rt\u00fcs\u00fc ile kar\u015f\u0131lad\u0131. M\u00fcft\u00fc ile g\u00f6r\u00fc\u015fmesinde ba\u015f\u00f6rt\u00fcs\u00fc takmay\u0131 reddeden Le Pen, g\u00f6r\u00fc\u015fme mekan\u0131n\u0131 terk etti.<\/p>\n<p>Fransa&#8217;n\u0131n Beyrut B\u00fcy\u00fckel\u00e7ili\u011finden a\u00e7\u0131klanan rakamlara g\u00f6re, Fransa&#8217;daki son cumhurba\u015fkanl\u0131\u011f\u0131 se\u00e7imlerinde L\u00fcbnan&#8217;da ya\u015fayan Frans\u0131z vatanda\u015f\u0131 15 bin kay\u0131tl\u0131 se\u00e7menin y\u00fczde 64&#8217;\u00fc oy kulland\u0131. Bu nedenle Beyrut, Fransa cumhurba\u015fkan\u0131 adaylar\u0131n\u0131n kampanya s\u00fcrecinde ziyaret etti\u011fi \u00f6nemli duraklar aras\u0131nda yer al\u0131yor.<\/p>\n<!-- Error, Advert is not available at this time due to schedule\/geolocation restrictions! -->\n","protected":false},"excerpt":{"rendered":"<p>Fransa&#8217;n\u0131n a\u015f\u0131r\u0131 sa\u011fc\u0131 cumhurba\u015fkan\u0131 aday\u0131 Le Pen, L\u00fcbnan temaslar\u0131 kapsam\u0131nda m\u00fcft\u00fcyle g\u00f6r\u00fc\u015fmesi s\u0131ras\u0131nda ba\u015f\u00f6rt\u00fcs\u00fc takmas\u0131 istenince g\u00f6r\u00fc\u015fmeyi terk etti. Cumhurba\u015fkan\u0131 aday\u0131 ve Ulusal Cephe Partisinin lideri Marine Le Pen, L\u00fcbnan temaslar\u0131 kapsam\u0131nda m\u00fcft\u00fcyle g\u00f6r\u00fc\u015fmesi s\u0131ras\u0131nda kendisinden ba\u015f\u00f6rt\u00fcs\u00fc takmas\u0131 istenince m\u00fcft\u00fcl\u00fc\u011f\u00fc terk etti. \u00dclkesinde ya\u015fayan M\u00fcsl\u00fcman n\u00fcfusa y\u00f6nelik yapt\u0131\u011f\u0131 tart\u0131\u015fmal\u0131 a\u00e7\u0131klamalar\u0131yla tan\u0131nan Le Pen&#8217;in d\u00fcn ba\u015flad\u0131\u011f\u0131 &hellip;<\/p>\n","protected":false},"author":4,"featured_media":246711,"comment_status":"open","ping_status":"open","sticky":false,"template":"","format":"standard","meta":{"_acf_changed":false,"footnotes":""},"categories":[6770,6665,6155,5005,6202,349],"tags":[17,161426,3798,56452],"class_list":["post-246710","post","type-post","status-publish","format-standard","has-post-thumbnail","hentry","category-avrupa","category-dunya","category-gundem","category-manset","category-politika","category-son-dakika","tag-fransa","tag-le-pen","tag-lubnan","tag-marine-le-pen"],"acf":[],"_links":{"self":[{"href":"https:\/\/www.nationalturk.com\/tr\/wp-json\/wp\/v2\/posts\/246710","targetHints":{"allow":["GET"]}}],"collection":[{"href":"https:\/\/www.nationalturk.com\/tr\/wp-json\/wp\/v2\/posts"}],"about":[{"href":"https:\/\/www.nationalturk.com\/tr\/wp-json\/wp\/v2\/types\/post"}],"author":[{"embeddable":true,"href":"https:\/\/www.nationalturk.com\/tr\/wp-json\/wp\/v2\/users\/4"}],"replies":[{"embeddable":true,"href":"https:\/\/www.nationalturk.com\/tr\/wp-json\/wp\/v2\/comments?post=246710"}],"version-history":[{"count":0,"href":"https:\/\/www.nationalturk.com\/tr\/wp-json\/wp\/v2\/posts\/246710\/revisions"}],"wp:featuredmedia":[{"embeddable":true,"href":"https:\/\/www.nationalturk.com\/tr\/wp-json\/wp\/v2\/media\/246711"}],"wp:attachment":[{"href":"https:\/\/www.nationalturk.com\/tr\/wp-json\/wp\/v2\/media?parent=246710"}],"wp:term":[{"taxonomy":"category","embeddable":true,"href":"https:\/\/www.nationalturk.com\/tr\/wp-json\/wp\/v2\/categories?post=246710"},{"taxonomy":"post_tag","embeddable":true,"href":"https:\/\/www.nationalturk.com\/tr\/wp-json\/wp\/v2\/tags?post=246710"}],"curies":[{"name":"wp","href":"https:\/\/api.w.org\/{rel}","templated":true}]}}