{"id":246784,"date":"2017-02-22T17:19:50","date_gmt":"2017-02-22T14:19:50","guid":{"rendered":"http:\/\/www.nationalturk.com\/?p=246784"},"modified":"2017-02-22T17:19:50","modified_gmt":"2017-02-22T14:19:50","slug":"samanyolu-grubu-bir-ulker-grubu-iki-ihlas-grubu-uc-bunlari-bertaraf-edecegiz","status":"publish","type":"post","link":"https:\/\/www.nationalturk.com\/tr\/samanyolu-grubu-bir-ulker-grubu-iki-ihlas-grubu-uc-bunlari-bertaraf-edecegiz\/","title":{"rendered":"&#8220;Samanyolu grubu bir, \u00dclker grubu iki, \u0130hlas grubu \u00fc\u00e7. Bunlar\u0131 bertaraf edece\u011fiz&#8221;"},"content":{"rendered":"<h1>&#8220;T\u00fcrkiye Cumhuriyeti h\u00fck\u00fcmetini cebren devirmeye, d\u00fc\u015f\u00fcrmeye i\u015ftirak&#8221; su\u00e7undan 103 san\u0131\u011f\u0131n yarg\u0131lanmas\u0131na, Ankara 5. A\u011f\u0131r Ceza Mahkemesinde devam ediliyor. Duru\u015fmaya san\u0131klar, m\u00fc\u015ftekiler ve taraflar\u0131n avukatlar\u0131 kat\u0131l\u0131yor.<\/h1>\n<p>Mahkeme Ba\u015fkan\u0131 Mustafa Yi\u011fitsoy&#8217;un, 28 \u015eubat d\u00f6neminde DYP Genel Ba\u015fkanl\u0131\u011f\u0131 ve Ba\u015fbakan Yard\u0131mc\u0131l\u0131\u011f\u0131 yapan Tansu \u00c7iller&#8217;in, &#8220;tan\u0131k&#8221; olarak dinlenmesi i\u00e7in \u00e7\u0131kar\u0131lan davetiye \u00fczerine mazeret g\u00f6nderdi\u011fini bildirdi\u011fi duru\u015fmada, Refahyol H\u00fck\u00fcmeti&#8217;nin Ba\u015fbakan\u0131 Necmettin Erbakan&#8217;\u0131n \u00f6zel dan\u0131\u015fmanl\u0131\u011f\u0131n\u0131 yapan \u0130lnur \u00c7evik &#8220;tan\u0131k&#8221; olarak dinlendi.<\/p>\n<p>Bildikleri sorulan \u00c7evik, o d\u00f6nemde Turkish Daily News&#8217;in genel yay\u0131n y\u00f6netmenli\u011fini yapt\u0131\u011f\u0131n\u0131, ayn\u0131 zamanda Erbakan&#8217;\u0131n \u00f6zel dan\u0131\u015fmanl\u0131\u011f\u0131n\u0131 y\u00fcr\u00fctt\u00fc\u011f\u00fcn\u00fc, bu nedenle en yak\u0131n\u0131ndakilerden oldu\u011funu ifade etti.<\/p>\n<!-- Error, Advert is not available at this time due to schedule\/geolocation restrictions! -->\n<p>Gazetesinin TSK&#8217;ya akreditasyonunun silinmesi sebebiyle o d\u00f6nemde Genelkurmaya gidemediklerini bildiren \u00c7evik, bununla birlikte gazetelerine bask\u0131 olmad\u0131\u011f\u0131n\u0131 s\u00f6yledi.<\/p>\n<p>O d\u00f6nemde bas\u0131na Genelkurmaydan g\u00f6nderilen baz\u0131 belgelerin kendi gazetelerine de geldi\u011fini anlatan \u00c7evik, bu belgeleri almad\u0131\u011f\u0131n\u0131 ve gazetede bunlara ili\u015fkin yay\u0131n yapmad\u0131\u011f\u0131n\u0131 belirtti.<\/p>\n<p>&#8220;Erbakan Hocaya istifa etmesini s\u00f6yle&#8221;<br \/>\nErbakan&#8217;\u0131n istifas\u0131ndan 4-5 g\u00fcn \u00f6nce, san\u0131klardan d\u00f6nemin Genelkurmay Genel Sekreteri Erol \u00d6zkasnak&#8217;\u0131n kendisini aray\u0131p, \u00e7ay i\u00e7meye \u00e7a\u011f\u0131rd\u0131\u011f\u0131n\u0131 aktaran \u00c7evik, \u015funlar\u0131 kaydetti:<\/p>\n<p>&#8220;Orada, Fevzi T\u00fcrkeri ve ismini bilmedi\u011fim bir ki\u015fi daha vard\u0131. G\u00f6r\u00fc\u015fmede hi\u00e7bir d\u00fc\u015fmanl\u0131k hissetmedim. &#8216;Erbakan Hocaya git, istifa etmesini s\u00f6yle&#8217; dediler. Ondan \u00f6nce yap\u0131lan konu\u015fmada da &#8216;Biz T\u00fcrkiye&#8217;de ciddi bir tehlike g\u00f6r\u00fcyoruz. Tehdit onlar de\u011fil, Milli G\u00f6r\u00fc\u015f bile de\u011fil. Samanyolu grubu bir, \u00dclker grubu iki, \u0130hlas grubu \u00fc\u00e7. Bunlar\u0131 bertaraf edece\u011fiz. Bir taraf ak, bir taraf kara, biz ak\u0131z. Esas tehlikeyi bunlar olarak g\u00f6r\u00fcyoruz&#8217; dediler. &#8216;Neticede ne istiyorsunuz?&#8217; dedik. &#8216;Erbakan Hocaya git, istifa etmesini s\u00f6yle. Darbe yapacakt\u0131k. Sizin gazeteniz bizi baya\u011f\u0131 zorlad\u0131. Amerikan Kongresi devreye girdi, bunu \u00f6nlediler. Ama neticede biz bu h\u00fck\u00fcmetin gitmesini istiyoruz, git istifa etmesini s\u00f6yle&#8217; dediler.<\/p>\n<p>Cumhurba\u015fkan\u0131 S\u00fcleyman Demirel&#8217;in de \u00f6zel dan\u0131\u015fman\u0131yd\u0131m. Gittim, b\u00f6yle dediklerini anlatt\u0131m. Onun da cevab\u0131 &#8216;Askerler \u00e7ok kararl\u0131. Bu h\u00fck\u00fcmetin gitmesini istiyorlar. Yeni bir h\u00fck\u00fcmet kurulacak. Mesut Y\u0131lmaz ba\u015f\u0131nda olacak&#8217; dedi. Necmettin Erbakan&#8217;a gittim, &#8216;Hocam b\u00f6yle b\u00f6yle bir durum var. Ne \u00f6nerirsiniz?&#8217; diye sordum. &#8216;Kafan\u0131 yorma, bana b\u0131rak o i\u015fi&#8217; dedi, beni g\u00f6nderdi. Gazetede de T\u00fcrkiye&#8217;nin bir darbe tehlikesiyle kar\u015f\u0131 kar\u015f\u0131ya oldu\u011funu, Erbakan Hocan\u0131n istifa etmesinde yarar bulundu\u011funu yazd\u0131m.&#8221;<\/p>\n<p>\u00c7evik, 28 \u015eubat 1997&#8217;deki Milli G\u00fcvenlik Kurulu (MGK) \u00f6ncesinde Cumhurba\u015fkan\u0131 Demirel&#8217;in kendisini \u00e7a\u011f\u0131rarak, &#8220;Askerler bir haz\u0131rl\u0131k i\u00e7inde. Erbakan Hocan\u0131 uyar, akl\u0131n\u0131 ba\u015f\u0131na toplas\u0131n, aya\u011f\u0131n\u0131 denk als\u0131n&#8221; dedi\u011fini, kendisinin de bunu Erbakan&#8217;a iletti\u011fini anlatt\u0131. Erbakan&#8217;\u0131n kendisine, &#8220;Bunlar\u0131 kendi kula\u011f\u0131nla m\u0131 duydun?&#8221; diye sordu\u011funu, &#8220;Hay\u0131r&#8221; yan\u0131t\u0131 verdi\u011fini ifade ederek, &#8220;&#8216;S\u00fcleyman Bey bizi korkutuyor olabilir&#8217; diye bir konu\u015fma ge\u00e7ti.&#8221; dedi.<\/p>\n<!-- Error, Advert is not available at this time due to schedule\/geolocation restrictions! -->\n<p>&#8220;B\u00f6yle bir konu\u015fma olmad\u0131&#8221;<br \/>\nM\u00fc\u015fteki \u0130brahim G\u00fcng\u00f6r&#8217;\u00fcn sorusuna kar\u015f\u0131l\u0131k \u00c7evik, 28 \u015eubat&#8217;\u0131 ger\u00e7ekle\u015ftirenlerin FET\u00d6&#8217;c\u00fc olmad\u0131\u011f\u0131n\u0131 s\u00f6yledi.<\/p>\n<p>Daha sonra Mahkeme Ba\u015fkan\u0131 Yi\u011fitsoy, san\u0131k Erol \u00d6zkasnak&#8217;a, \u0130lnur \u00c7evik&#8217;e &#8220;ABD Kongresi istemedi, darbe yapamad\u0131k.&#8221; y\u00f6n\u00fcnde s\u00f6zler s\u00f6yleyip s\u00f6ylemedi\u011fini sordu.<\/p>\n<p>\u00d6zkasnak ise \u00c7evik&#8217;e &#8220;Ben sana b\u00f6yle bir \u015fey s\u00f6yledim mi&#8221; diye sordu. \u00c7evik&#8217;in &#8220;Evet&#8221; demesi \u00fczerine \u00d6zkasnak, &#8220;Bu, d\u00fcnyada g\u00f6r\u00fclmemi\u015f bir yaland\u0131r. B\u00f6yle bir konu\u015fma olmad\u0131. \u00c7evik&#8217;i \u015fahsi dostlu\u011fuma binaen ki \u00f6yle de\u011filmi\u015f, \u00e7a\u011f\u0131rm\u0131\u015ft\u0131m. PKK ile m\u00fccadele kapsam\u0131nda Turkish Daily News&#8217;in destek olmas\u0131n\u0131 istedim. Ba\u015fbakana mesaj g\u00f6ndermedim. Ba\u015fbakana mesaj g\u00f6nderilecekse bunu Genelkurmay Ba\u015fkan\u0131 yapar. Ben haddimi, hududumu bilirim. Ba\u015fbakana mesaj g\u00f6nderilecek son ki\u015fi bu adamd\u0131r.&#8221; ifadelerini kulland\u0131.<\/p>\n<p>San\u0131k Fevzi T\u00fcrkeri&#8217;nin de bu g\u00f6r\u00fc\u015fmede yer ald\u0131\u011f\u0131n\u0131n belirtilmesi \u00fczerine, ayn\u0131 soru T\u00fcrkeri&#8217;ye soruldu. T\u00fcrkeri, ya\u015fananlar\u0131n \u00c7evik&#8217;in s\u00f6yledikleriyle alakas\u0131n\u0131n olmad\u0131\u011f\u0131n\u0131 bildirdi.<\/p>\n<p>Bir m\u00fc\u015fteki avukat\u0131n\u0131n sorusu \u00fczerine \u00c7evik, s\u00f6z konusu konu\u015fmay\u0131 bug\u00fcne kadar bir\u00e7ok mecrada dile getirdi\u011fini ifade ederek, &#8220;Hi\u00e7 kimse bug\u00fcne kadar &#8216;Bu b\u00f6yle olmad\u0131&#8217; demedi&#8221; dedi.<\/p>\n<p>\u00c7evik&#8217;in ifadelerinin ard\u0131ndan duru\u015fmaya ara verildi.<\/p>\n<!-- Error, Advert is not available at this time due to schedule\/geolocation restrictions! -->\n","protected":false},"excerpt":{"rendered":"<p>&#8220;T\u00fcrkiye Cumhuriyeti h\u00fck\u00fcmetini cebren devirmeye, d\u00fc\u015f\u00fcrmeye i\u015ftirak&#8221; su\u00e7undan 103 san\u0131\u011f\u0131n yarg\u0131lanmas\u0131na, Ankara 5. A\u011f\u0131r Ceza Mahkemesinde devam ediliyor. Duru\u015fmaya san\u0131klar, m\u00fc\u015ftekiler ve taraflar\u0131n avukatlar\u0131 kat\u0131l\u0131yor. Mahkeme Ba\u015fkan\u0131 Mustafa Yi\u011fitsoy&#8217;un, 28 \u015eubat d\u00f6neminde DYP Genel Ba\u015fkanl\u0131\u011f\u0131 ve Ba\u015fbakan Yard\u0131mc\u0131l\u0131\u011f\u0131 yapan Tansu \u00c7iller&#8217;in, &#8220;tan\u0131k&#8221; olarak dinlenmesi i\u00e7in \u00e7\u0131kar\u0131lan davetiye \u00fczerine mazeret g\u00f6nderdi\u011fini bildirdi\u011fi duru\u015fmada, Refahyol H\u00fck\u00fcmeti&#8217;nin Ba\u015fbakan\u0131 &hellip;<\/p>\n","protected":false},"author":4,"featured_media":246785,"comment_status":"open","ping_status":"open","sticky":false,"template":"","format":"standard","meta":{"_acf_changed":false,"footnotes":""},"categories":[6155,5005,6202,349],"tags":[17258,98351,211896,12774,211895,8654,44522],"class_list":["post-246784","post","type-post","status-publish","format-standard","has-post-thumbnail","hentry","category-gundem","category-manset","category-politika","category-son-dakika","tag-28-subat","tag-erol-ozkasnak","tag-ilnur-cevik","tag-necmettin-erbakan","tag-refahyol","tag-samanyolu","tag-ulker"],"acf":[],"_links":{"self":[{"href":"https:\/\/www.nationalturk.com\/tr\/wp-json\/wp\/v2\/posts\/246784","targetHints":{"allow":["GET"]}}],"collection":[{"href":"https:\/\/www.nationalturk.com\/tr\/wp-json\/wp\/v2\/posts"}],"about":[{"href":"https:\/\/www.nationalturk.com\/tr\/wp-json\/wp\/v2\/types\/post"}],"author":[{"embeddable":true,"href":"https:\/\/www.nationalturk.com\/tr\/wp-json\/wp\/v2\/users\/4"}],"replies":[{"embeddable":true,"href":"https:\/\/www.nationalturk.com\/tr\/wp-json\/wp\/v2\/comments?post=246784"}],"version-history":[{"count":0,"href":"https:\/\/www.nationalturk.com\/tr\/wp-json\/wp\/v2\/posts\/246784\/revisions"}],"wp:featuredmedia":[{"embeddable":true,"href":"https:\/\/www.nationalturk.com\/tr\/wp-json\/wp\/v2\/media\/246785"}],"wp:attachment":[{"href":"https:\/\/www.nationalturk.com\/tr\/wp-json\/wp\/v2\/media?parent=246784"}],"wp:term":[{"taxonomy":"category","embeddable":true,"href":"https:\/\/www.nationalturk.com\/tr\/wp-json\/wp\/v2\/categories?post=246784"},{"taxonomy":"post_tag","embeddable":true,"href":"https:\/\/www.nationalturk.com\/tr\/wp-json\/wp\/v2\/tags?post=246784"}],"curies":[{"name":"wp","href":"https:\/\/api.w.org\/{rel}","templated":true}]}}