{"id":246938,"date":"2017-02-25T15:47:42","date_gmt":"2017-02-25T12:47:42","guid":{"rendered":"http:\/\/www.nationalturk.com\/?p=246938"},"modified":"2017-02-25T15:47:42","modified_gmt":"2017-02-25T12:47:42","slug":"besiktas-yonetiminden-divan-kuruluna-bir-sok-daha","status":"publish","type":"post","link":"https:\/\/www.nationalturk.com\/tr\/besiktas-yonetiminden-divan-kuruluna-bir-sok-daha\/","title":{"rendered":"Be\u015fikta\u015f y\u00f6netiminden Divan Kuruluna bir \u015fok daha!"},"content":{"rendered":"<h2>Be\u015fikta\u015f\u2019ta divan kurulu gerginli\u011fi zirveye ula\u015ft\u0131! Y\u00f6netim, Divan Kurulu toplant\u0131s\u0131n\u0131n yap\u0131lmas\u0131n\u0131 engellemek i\u00e7in kap\u0131lar\u0131 kapatt\u0131!<\/h2>\n<p>Ge\u00e7en y\u0131l may\u0131s ay\u0131nda yap\u0131lan divan ba\u015fkanl\u0131k se\u00e7imini kazanan Yal\u00e7\u0131n Karadeniz\u2019in ald\u0131\u011f\u0131 disiplin cezas\u0131 nedeniyle ba\u015fkanl\u0131\u011f\u0131n\u0131n d\u00fc\u015ft\u00fc\u011f\u00fcn\u00fc iddia eden Be\u015fikta\u015f Kul\u00fcb\u00fc Y\u00f6netim Kurulu bug\u00fcn yap\u0131lmas\u0131 beklenen Divan Kurulu toplant\u0131s\u0131n\u0131n hukuksuz ve yetkisiz oldu\u011funu da ileri s\u00fcrm\u00fc\u015ft\u00fc.<\/p>\n<p>Bug\u00fcn ise Kurul Ba\u015fkan\u0131 Yal\u00e7\u0131n Karadeniz\u2019in ola\u011fan toplant\u0131 \u00e7a\u011fr\u0131s\u0131na yan\u0131t veren yakla\u015f\u0131k 300 Divan Kurulu \u00fcyesi Vodafone Arena stad\u0131na geldi. Ancak stad\u0131n t\u00fcm kap\u0131lar\u0131n\u0131n kapal\u0131 olmas\u0131 nedeniyle \u00fcyeler toplant\u0131 i\u00e7in giri\u015f yapamad\u0131. Bunun \u00fczerine Yal\u00e7\u0131n Karadeniz ve \u00fcyeler noter \u00e7a\u011f\u0131rarak durum tespiti yapt\u0131rd\u0131.<\/p>\n<p>Stat \u00f6n\u00fcnde a\u00e7\u0131klama yapan Divan Kurulu Ba\u015fkan\u0131 Yal\u00e7\u0131n Karadeniz disiplin kurulunun verdi\u011fi k\u0131nama cezas\u0131n\u0131n ard\u0131ndan mahkemeye ba\u015fvurdu\u011funu ve divan ba\u015fkan\u0131n\u0131n kendisinin oldu\u011funu vurgulad\u0131. Karadeniz \u015funlar\u0131 s\u00f6yledi:<\/p>\n<p>\u201cBe\u015fikta\u015f Kul\u00fcb\u00fc Divan Kurulu \u00fcyelerinin burada bekletilmesinden rahats\u0131z\u0131m. Bundan utan\u00e7 ve \u00fcz\u00fcnt\u00fc duyuyorum. Durumun bu hale gelmesinin nedeni ben ve y\u00f6netimim de\u011fildir. Bu olay\u0131n sebebi benim i\u00e7in ba\u015flat\u0131lan lin\u00e7 kampanyas\u0131d\u0131r. Beni disiplin kuruluna verdiler ve k\u0131nama cezas\u0131 ald\u0131m. Ben de hemen hukuk yoluna ba\u015fvurdum ancak kul\u00fcp \u015fu anda hukuk dinlememektedir. Biz kanunun gere\u011fini yerine getirmeliyiz. Hi\u00e7 kimse bana verilen cezan\u0131n h\u00fckm\u00fcn\u00fc cebinde zannetmesin. Hukuk karar verene kadar divan ba\u015fkan\u0131 benim. Birisi istiyor diye buradan gitmek olmaz. Bu olumsuz olaya sebep olanlar\u0131 k\u0131n\u0131yorum. Benim bu konu ile ilgili yapt\u0131\u011f\u0131m husus tamamen haks\u0131zl\u0131klara kar\u015f\u0131 yap\u0131lm\u0131\u015f me\u015fru bir savunmad\u0131r. Hani bu stat hepimizindi. Bu stat kimsenin yeri de\u011fildir. \u2018Kat\u0131lmay\u0131n, gitmeyin.\u2019 \u00e7a\u011fr\u0131lar\u0131na ra\u011fmen buraya gelenlere te\u015fekk\u00fcr ediyorum.\u201d<\/p>\n<p>Genel kurul \u00fcyesi Ali R\u0131za Dizdar ise yapt\u0131\u011f\u0131 a\u00e7\u0131klamada olaylar\u0131n bu noktaya gelmesine sebep olan davay\u0131 a\u00e7an\u0131n kendisi oldu\u011funu belirterek, k\u0131nama cezas\u0131n\u0131n yanl\u0131\u015f oldu\u011funu ve Yal\u00e7\u0131n Karadeniz\u2019i destekledi\u011fini s\u00f6yledi.<\/p>\n<!-- Error, Advert is not available at this time due to schedule\/geolocation restrictions! -->\n","protected":false},"excerpt":{"rendered":"<p>Be\u015fikta\u015f\u2019ta divan kurulu gerginli\u011fi zirveye ula\u015ft\u0131! Y\u00f6netim, Divan Kurulu toplant\u0131s\u0131n\u0131n yap\u0131lmas\u0131n\u0131 engellemek i\u00e7in kap\u0131lar\u0131 kapatt\u0131! Ge\u00e7en y\u0131l may\u0131s ay\u0131nda yap\u0131lan divan ba\u015fkanl\u0131k se\u00e7imini kazanan Yal\u00e7\u0131n Karadeniz\u2019in ald\u0131\u011f\u0131 disiplin cezas\u0131 nedeniyle ba\u015fkanl\u0131\u011f\u0131n\u0131n d\u00fc\u015ft\u00fc\u011f\u00fcn\u00fc iddia eden Be\u015fikta\u015f Kul\u00fcb\u00fc Y\u00f6netim Kurulu bug\u00fcn yap\u0131lmas\u0131 beklenen Divan Kurulu toplant\u0131s\u0131n\u0131n hukuksuz ve yetkisiz oldu\u011funu da ileri s\u00fcrm\u00fc\u015ft\u00fc. Bug\u00fcn ise Kurul Ba\u015fkan\u0131 &hellip;<\/p>\n","protected":false},"author":4,"featured_media":246939,"comment_status":"open","ping_status":"open","sticky":false,"template":"","format":"standard","meta":{"_acf_changed":false,"footnotes":""},"categories":[6774,6155,5005,6194],"tags":[40036,1748,27771,140985,5164],"class_list":["post-246938","post","type-post","status-publish","format-standard","has-post-thumbnail","hentry","category-futbol","category-gundem","category-manset","category-spor","tag-ali-riza-dizdar","tag-besiktas","tag-divan-kurulu","tag-vodafone-arena","tag-yalcin-karadeniz"],"acf":[],"_links":{"self":[{"href":"https:\/\/www.nationalturk.com\/tr\/wp-json\/wp\/v2\/posts\/246938","targetHints":{"allow":["GET"]}}],"collection":[{"href":"https:\/\/www.nationalturk.com\/tr\/wp-json\/wp\/v2\/posts"}],"about":[{"href":"https:\/\/www.nationalturk.com\/tr\/wp-json\/wp\/v2\/types\/post"}],"author":[{"embeddable":true,"href":"https:\/\/www.nationalturk.com\/tr\/wp-json\/wp\/v2\/users\/4"}],"replies":[{"embeddable":true,"href":"https:\/\/www.nationalturk.com\/tr\/wp-json\/wp\/v2\/comments?post=246938"}],"version-history":[{"count":0,"href":"https:\/\/www.nationalturk.com\/tr\/wp-json\/wp\/v2\/posts\/246938\/revisions"}],"wp:featuredmedia":[{"embeddable":true,"href":"https:\/\/www.nationalturk.com\/tr\/wp-json\/wp\/v2\/media\/246939"}],"wp:attachment":[{"href":"https:\/\/www.nationalturk.com\/tr\/wp-json\/wp\/v2\/media?parent=246938"}],"wp:term":[{"taxonomy":"category","embeddable":true,"href":"https:\/\/www.nationalturk.com\/tr\/wp-json\/wp\/v2\/categories?post=246938"},{"taxonomy":"post_tag","embeddable":true,"href":"https:\/\/www.nationalturk.com\/tr\/wp-json\/wp\/v2\/tags?post=246938"}],"curies":[{"name":"wp","href":"https:\/\/api.w.org\/{rel}","templated":true}]}}