{"id":247331,"date":"2017-03-07T13:18:07","date_gmt":"2017-03-07T10:18:07","guid":{"rendered":"http:\/\/www.nationalturk.com\/?p=247331"},"modified":"2017-03-07T13:18:07","modified_gmt":"2017-03-07T10:18:07","slug":"cumhurbaskani-erdogandan-kadinlar-gunu-mesaji","status":"publish","type":"post","link":"https:\/\/www.nationalturk.com\/tr\/cumhurbaskani-erdogandan-kadinlar-gunu-mesaji\/","title":{"rendered":"Cumhurba\u015fkan\u0131 Erdo\u011fan&#8217;dan Kad\u0131nlar G\u00fcn\u00fc mesaj\u0131"},"content":{"rendered":"<h2>Cumhurba\u015fkan\u0131 Erdo\u011fan, 8 Mart D\u00fcnya Kad\u0131nlar G\u00fcn\u00fc dolay\u0131s\u0131yla yay\u0131mlad\u0131\u011f\u0131 mesaj\u0131nda, &#8220;\u0130nsanl\u0131\u011fa y\u00f6nelik su\u00e7 olarak g\u00f6rd\u00fc\u011f\u00fcm kad\u0131na y\u00f6nelik \u015fiddetin tamamen ortadan kald\u0131r\u0131lmas\u0131 noktas\u0131nda daha fazla \u00e7aba sarf etmeliyiz.&#8221; dedi.<\/h2>\n<p>Cumhurba\u015fkan\u0131 Recep Tayyip Erdo\u011fan, 8 Mart D\u00fcnya Kad\u0131nlar G\u00fcn\u00fc dolay\u0131s\u0131yla yay\u0131mlad\u0131\u011f\u0131 mesaj\u0131nda, &#8220;Fedakarl\u0131klar\u0131, emekleri, sevgileri ve m\u00fccadeleleriyle insanl\u0131\u011f\u0131n umudunu ye\u015ferten kad\u0131nlar\u0131n, 8 Mart D\u00fcnya Kad\u0131nlar G\u00fcn\u00fc&#8217;n\u00fc tebrik ediyorum.&#8221; ifadesini kulland\u0131.<\/p>\n<p>T\u00fcrkiye&#8217;nin kad\u0131nlar\u0131n\u0131n da tarih boyunca istiklal ve istikbal m\u00fccadelelerinde daima en \u00f6n safta yer ald\u0131klar\u0131n\u0131 belirten Erdo\u011fan, kimi zaman devletin kurulu\u015funda, kimi zaman da vatan\u0131n kurtulu\u015funda g\u00f6rev \u00fcstlenen kahraman kad\u0131nlar\u0131n, geride asla unutulmayacak, g\u00fcn\u00fcm\u00fcz kad\u0131nlar\u0131na rehber olacak bir miras b\u0131rakt\u0131klar\u0131n\u0131 belirtti.<\/p>\n<p>Cumhurba\u015fkan\u0131 Erdo\u011fan, bug\u00fcn de kad\u0131nlar\u0131n T\u00fcrkiye&#8217;nin demokrasi, kalk\u0131nma ve \u00f6zg\u00fcrl\u00fck m\u00fccadelesine damgalar\u0131n\u0131 vurduklar\u0131n\u0131 ifade ederek, &#8220;15 Temmuz gecesi kad\u0131nlar\u0131m\u0131z\u0131n g\u00f6sterdi\u011fi fedakarl\u0131klar ve cesaret, asla unutulmayacak bir g\u00f6r\u00fcnt\u00fc olarak tarihimize nak\u015folunmu\u015ftur.&#8221; de\u011ferlendirmesinde bulundu.<\/p>\n<p>Siyasi hayat\u0131 boyunca, kad\u0131nlara olan \u015f\u00fckranlar\u0131n\u0131, onlar\u0131n haklar\u0131n\u0131 koruma m\u00fccadelelerine destek vererek g\u00f6sterme \u00e7abas\u0131 i\u00e7inde olduklar\u0131n\u0131 belirten Erdo\u011fan, son 14 y\u0131lda ger\u00e7ekle\u015ftirdikleri reformlarla kad\u0131nlar\u0131n \u00e7al\u0131\u015fma hayat\u0131, e\u011fitim, ekonomi, siyaset ve sosyal alanlardaki konumlar\u0131n\u0131 g\u00fc\u00e7lendirdiklerini kaydetti.<\/p>\n<p>&#8220;Daha fazla \u00e7aba sarf etmeliyiz&#8221;<br \/>\nCumhurba\u015fkan\u0131 Erdo\u011fan, 2002 ile bug\u00fcn\u00fcn rakamlar\u0131na bak\u0131ld\u0131\u011f\u0131nda kad\u0131n haklar\u0131 konusunda T\u00fcrkiye&#8217;de ya\u015fanan iyile\u015fmenin a\u00e7\u0131k ve net bir \u015fekilde ortaya \u00e7\u0131kt\u0131\u011f\u0131n\u0131 belirterek, e\u011fitimde, 2002&#8217;de ilkokul ve ortaokulda y\u00fczde 87 olan k\u0131z \u00e7ocuklar\u0131n\u0131n okulla\u015fma oran\u0131n\u0131n, y\u00fczde 97&#8217;ye \u00e7\u0131kt\u0131\u011f\u0131n\u0131, 2003&#8217;te y\u00fczde 24 civar\u0131nda olan kad\u0131nlar\u0131n istihdama kat\u0131lma oranlar\u0131n\u0131n ise ge\u00e7en y\u0131l y\u00fczde 33&#8217;\u00fc ge\u00e7ti\u011fini bildirdi.<\/p>\n<p>Siyasette 2002&#8217;de y\u00fczde 4,5&#8217;u bulmayan kad\u0131n milletvekili oran\u0131n\u0131n, 3 kat artt\u0131\u011f\u0131n\u0131 ifade eden Erdo\u011fan, mesaj\u0131nda \u015funlar\u0131 kaydetti:<\/p>\n<p>&#8220;Bu seviyeleri \u00f6nemli g\u00f6rmekle birlikte, asla yeterli bulmuyoruz. Bilhassa insanl\u0131\u011fa y\u00f6nelik su\u00e7 olarak g\u00f6rd\u00fc\u011f\u00fcm kad\u0131na y\u00f6nelik \u015fiddetin tamamen ortadan kald\u0131r\u0131lmas\u0131 noktas\u0131nda daha fazla \u00e7aba sarf etmeliyiz. Her \u015feyden \u00f6nce bir zihniyet de\u011fi\u015fimini gerektiren bu sorunun \u00e7\u00f6z\u00fcme kavu\u015fturulmas\u0131 i\u00e7in devlet ile birlikte \u00fcniversitelere ve sivil toplum kurulu\u015flar\u0131na da \u00e7ok \u00f6nemli g\u00f6revler d\u00fc\u015f\u00fcyor. Medeniyet de\u011ferlerimizden, tarih ve k\u00fclt\u00fcr\u00fcm\u00fczden ald\u0131\u011f\u0131m\u0131z g\u00fc\u00e7le bu sorunu da a\u015faca\u011f\u0131m\u0131za inan\u0131yorum.<\/p>\n<p>Bu d\u00fc\u015f\u00fcncelerle, 15 Temmuz darbe giri\u015fimi s\u0131ras\u0131nda yitirdiklerimiz ba\u015fta olmak \u00fczere \u00fclkemizin bekas\u0131, milletimizin istikbali i\u00e7in \u015fehit olan t\u00fcm kad\u0131nlar\u0131m\u0131z\u0131 \u015f\u00fckranla yad ediyorum. \u015eiddetin kurban\u0131 olarak hayatlar\u0131n\u0131 kaybeden kad\u0131nlar\u0131m\u0131za da Allah&#8217;tan rahmet diliyorum. Canlar\u0131ndan \u00e7ok sevdikleri \u00e7ocuklar\u0131n\u0131, e\u015flerini, babalar\u0131n\u0131, karde\u015flerini vatan u\u011fruna topra\u011fa veren \u015fehit yak\u0131nlar\u0131m\u0131za sab\u0131r temenni ediyorum. \u00dclkemizdeki ve d\u00fcnyadaki t\u00fcm kad\u0131nlar\u0131n 8 Mart D\u00fcnya Kad\u0131nlar G\u00fcn\u00fc&#8217;n\u00fc g\u00f6n\u00fclden tebrik ediyorum.&#8221;<\/p>\n<!-- Error, Advert is not available at this time due to schedule\/geolocation restrictions! -->\n","protected":false},"excerpt":{"rendered":"<p>Cumhurba\u015fkan\u0131 Erdo\u011fan, 8 Mart D\u00fcnya Kad\u0131nlar G\u00fcn\u00fc dolay\u0131s\u0131yla yay\u0131mlad\u0131\u011f\u0131 mesaj\u0131nda, &#8220;\u0130nsanl\u0131\u011fa y\u00f6nelik su\u00e7 olarak g\u00f6rd\u00fc\u011f\u00fcm kad\u0131na y\u00f6nelik \u015fiddetin tamamen ortadan kald\u0131r\u0131lmas\u0131 noktas\u0131nda daha fazla \u00e7aba sarf etmeliyiz.&#8221; dedi. Cumhurba\u015fkan\u0131 Recep Tayyip Erdo\u011fan, 8 Mart D\u00fcnya Kad\u0131nlar G\u00fcn\u00fc dolay\u0131s\u0131yla yay\u0131mlad\u0131\u011f\u0131 mesaj\u0131nda, &#8220;Fedakarl\u0131klar\u0131, emekleri, sevgileri ve m\u00fccadeleleriyle insanl\u0131\u011f\u0131n umudunu ye\u015ferten kad\u0131nlar\u0131n, 8 Mart D\u00fcnya Kad\u0131nlar G\u00fcn\u00fc&#8217;n\u00fc tebrik &hellip;<\/p>\n","protected":false},"author":4,"featured_media":247332,"comment_status":"open","ping_status":"open","sticky":false,"template":"","format":"standard","meta":{"_acf_changed":false,"footnotes":""},"categories":[6155,5005,6202,349],"tags":[64233,64165,787],"class_list":["post-247331","post","type-post","status-publish","format-standard","has-post-thumbnail","hentry","category-gundem","category-manset","category-politika","category-son-dakika","tag-8-mart","tag-dunya-kadinlar-gunu","tag-recep-tayyip-erdogan"],"acf":[],"_links":{"self":[{"href":"https:\/\/www.nationalturk.com\/tr\/wp-json\/wp\/v2\/posts\/247331","targetHints":{"allow":["GET"]}}],"collection":[{"href":"https:\/\/www.nationalturk.com\/tr\/wp-json\/wp\/v2\/posts"}],"about":[{"href":"https:\/\/www.nationalturk.com\/tr\/wp-json\/wp\/v2\/types\/post"}],"author":[{"embeddable":true,"href":"https:\/\/www.nationalturk.com\/tr\/wp-json\/wp\/v2\/users\/4"}],"replies":[{"embeddable":true,"href":"https:\/\/www.nationalturk.com\/tr\/wp-json\/wp\/v2\/comments?post=247331"}],"version-history":[{"count":0,"href":"https:\/\/www.nationalturk.com\/tr\/wp-json\/wp\/v2\/posts\/247331\/revisions"}],"wp:featuredmedia":[{"embeddable":true,"href":"https:\/\/www.nationalturk.com\/tr\/wp-json\/wp\/v2\/media\/247332"}],"wp:attachment":[{"href":"https:\/\/www.nationalturk.com\/tr\/wp-json\/wp\/v2\/media?parent=247331"}],"wp:term":[{"taxonomy":"category","embeddable":true,"href":"https:\/\/www.nationalturk.com\/tr\/wp-json\/wp\/v2\/categories?post=247331"},{"taxonomy":"post_tag","embeddable":true,"href":"https:\/\/www.nationalturk.com\/tr\/wp-json\/wp\/v2\/tags?post=247331"}],"curies":[{"name":"wp","href":"https:\/\/api.w.org\/{rel}","templated":true}]}}