{"id":247453,"date":"2017-03-09T12:11:14","date_gmt":"2017-03-09T09:11:14","guid":{"rendered":"http:\/\/www.nationalturk.com\/?p=247453"},"modified":"2017-03-09T12:11:14","modified_gmt":"2017-03-09T09:11:14","slug":"aselsana-feto-operasyonu-4-sehirde-84-gozalti","status":"publish","type":"post","link":"https:\/\/www.nationalturk.com\/tr\/aselsana-feto-operasyonu-4-sehirde-84-gozalti\/","title":{"rendered":"ASELSAN&#8217;a FET\u00d6 operasyonu: 4 \u015fehirde 84 g\u00f6zalt\u0131"},"content":{"rendered":"<h2>4 \u015fehirde d\u00fczenlenen FET\u00d6 operasyonunda ASELSAN&#8217;da g\u00f6re yapan 84 ki\u015fi ki\u015fi i\u00e7in g\u00f6zalt\u0131 karar\u0131 \u00e7\u0131kt\u0131.<\/h2>\n<p>Al\u0131nan bilgilere g\u00f6re Ankara Cumhuriyet Ba\u015fsavc\u0131l\u0131\u011f\u0131, Fetullah\u00e7\u0131 Ter\u00f6r \u00d6rg\u00fct\u00fc (FET\u00d6) soru\u015fturmas\u0131 kapsam\u0131nda ASELSAN&#8217;da halen g\u00f6rev yapanlar\u0131n da aralar\u0131nda bulundu\u011fu 84 ki\u015fi hakk\u0131nda g\u00f6zalt\u0131 karar\u0131 verdi. Savc\u0131l\u0131\u011f\u0131n talimat\u0131yla 4 ilde e\u015f zamanl\u0131 operasyon d\u00fczenlendi.<\/p>\n<p>Ankara Cumhuriyet Ba\u015fsavc\u0131l\u0131\u011f\u0131n\u0131n talimat\u0131 \u00fczerine harekete ge\u00e7en g\u00fcvenlik g\u00fc\u00e7leri 4 ilde 86 adrese e\u015f zamanl\u0131 operasyon ger\u00e7ekle\u015ftirdi.<\/p>\n<p>Silahl\u0131 ter\u00f6r \u00f6rg\u00fct\u00fc y\u00f6netmek veya \u00fcyesi olmak su\u00e7lar\u0131ndan hakk\u0131nda g\u00f6zalt\u0131 karar\u0131 bulunan \u015f\u00fcphelilerden 43&#8217;\u00fcn\u00fcn yakaland\u0131\u011f\u0131, operasyonun devam etti\u011fi \u00f6\u011frenildi.<\/p>\n<!-- Error, Advert is not available at this time due to schedule\/geolocation restrictions! -->\n","protected":false},"excerpt":{"rendered":"<p>4 \u015fehirde d\u00fczenlenen FET\u00d6 operasyonunda ASELSAN&#8217;da g\u00f6re yapan 84 ki\u015fi ki\u015fi i\u00e7in g\u00f6zalt\u0131 karar\u0131 \u00e7\u0131kt\u0131. Al\u0131nan bilgilere g\u00f6re Ankara Cumhuriyet Ba\u015fsavc\u0131l\u0131\u011f\u0131, Fetullah\u00e7\u0131 Ter\u00f6r \u00d6rg\u00fct\u00fc (FET\u00d6) soru\u015fturmas\u0131 kapsam\u0131nda ASELSAN&#8217;da halen g\u00f6rev yapanlar\u0131n da aralar\u0131nda bulundu\u011fu 84 ki\u015fi hakk\u0131nda g\u00f6zalt\u0131 karar\u0131 verdi. Savc\u0131l\u0131\u011f\u0131n talimat\u0131yla 4 ilde e\u015f zamanl\u0131 operasyon d\u00fczenlendi. Ankara Cumhuriyet Ba\u015fsavc\u0131l\u0131\u011f\u0131n\u0131n talimat\u0131 \u00fczerine harekete ge\u00e7en &hellip;<\/p>\n","protected":false},"author":4,"featured_media":247454,"comment_status":"open","ping_status":"open","sticky":false,"template":"","format":"standard","meta":{"_acf_changed":false,"footnotes":""},"categories":[6155,5005,349,6805],"tags":[1688,108872,202856],"class_list":["post-247453","post","type-post","status-publish","format-standard","has-post-thumbnail","hentry","category-gundem","category-manset","category-son-dakika","category-turkiye","tag-ankara","tag-aselsan","tag-feto"],"acf":[],"_links":{"self":[{"href":"https:\/\/www.nationalturk.com\/tr\/wp-json\/wp\/v2\/posts\/247453","targetHints":{"allow":["GET"]}}],"collection":[{"href":"https:\/\/www.nationalturk.com\/tr\/wp-json\/wp\/v2\/posts"}],"about":[{"href":"https:\/\/www.nationalturk.com\/tr\/wp-json\/wp\/v2\/types\/post"}],"author":[{"embeddable":true,"href":"https:\/\/www.nationalturk.com\/tr\/wp-json\/wp\/v2\/users\/4"}],"replies":[{"embeddable":true,"href":"https:\/\/www.nationalturk.com\/tr\/wp-json\/wp\/v2\/comments?post=247453"}],"version-history":[{"count":0,"href":"https:\/\/www.nationalturk.com\/tr\/wp-json\/wp\/v2\/posts\/247453\/revisions"}],"wp:featuredmedia":[{"embeddable":true,"href":"https:\/\/www.nationalturk.com\/tr\/wp-json\/wp\/v2\/media\/247454"}],"wp:attachment":[{"href":"https:\/\/www.nationalturk.com\/tr\/wp-json\/wp\/v2\/media?parent=247453"}],"wp:term":[{"taxonomy":"category","embeddable":true,"href":"https:\/\/www.nationalturk.com\/tr\/wp-json\/wp\/v2\/categories?post=247453"},{"taxonomy":"post_tag","embeddable":true,"href":"https:\/\/www.nationalturk.com\/tr\/wp-json\/wp\/v2\/tags?post=247453"}],"curies":[{"name":"wp","href":"https:\/\/api.w.org\/{rel}","templated":true}]}}