{"id":247477,"date":"2017-03-09T15:49:11","date_gmt":"2017-03-09T12:49:11","guid":{"rendered":"http:\/\/www.nationalturk.com\/?p=247477"},"modified":"2017-03-09T15:49:11","modified_gmt":"2017-03-09T12:49:11","slug":"figen-yuksekdag-artik-hdp-uyesi-degil","status":"publish","type":"post","link":"https:\/\/www.nationalturk.com\/tr\/figen-yuksekdag-artik-hdp-uyesi-degil\/","title":{"rendered":"Figen Y\u00fcksekda\u011f art\u0131k HDP \u00fcyesi de\u011fil"},"content":{"rendered":"<h2>Yarg\u0131tay Cumhuriyet Ba\u015fsavc\u0131l\u0131\u011f\u0131nca, hakk\u0131nda kesinle\u015fen hapis cezas\u0131 nedeniyle Figen Y\u00fcksekda\u011f&#8217;\u0131n parti \u00fcyeli\u011fi d\u00fc\u015f\u00fcr\u00fcld\u00fc.<\/h2>\n<p>HDP E\u015f Genel Ba\u015fkan\u0131 ve Van Milletvekili Figen Y\u00fcksekda\u011f&#8217;\u0131n, hakk\u0131nda ter\u00f6r \u00f6rg\u00fct\u00fc propagandas\u0131 yapmak su\u00e7undan cezaland\u0131r\u0131lmas\u0131na ili\u015fkin 27 Kas\u0131m 2013 tarihli karar\u0131n Yarg\u0131tay taraf\u0131ndan 22 Eyl\u00fcl 2016&#8217;da onanmas\u0131n\u0131n ard\u0131ndan milletvekilli\u011fi d\u00fc\u015f\u00fcr\u00fclm\u00fc\u015ft\u00fc.<\/p>\n<p>Yarg\u0131tay Cumhuriyet Ba\u015fsavc\u0131l\u0131\u011f\u0131, kesinle\u015fen hapis cezas\u0131 nedeniyle Y\u00fcksekda\u011f&#8217;\u0131n siyasi parti \u00fcyeli\u011fini de d\u00fc\u015f\u00fcrd\u00fc.<\/p>\n<p>Siyasi Partiler Kanunu&#8217;nun, ter\u00f6r eyleminden mahkum olanlar\u0131n siyasi partilere \u00fcye olamayacaklar\u0131na ili\u015fkin h\u00fckm\u00fc gere\u011fi, Y\u00fcksekda\u011f&#8217;\u0131n \u00fcyeli\u011finin d\u00fc\u015f\u00fcr\u00fcld\u00fc\u011f\u00fc, karar\u0131n ge\u00e7en hafta kendisine tebli\u011f edildi\u011fi \u00f6\u011frenildi.<\/p>\n<p>Bu durumda Figen Y\u00fcksekda\u011f, HDP E\u015f Genel Ba\u015fkanl\u0131\u011f\u0131 g\u00f6revini de y\u00fcr\u00fctemeyecek.<\/p>\n<p>Y\u00fcksekda\u011f, ter\u00f6r \u00f6rg\u00fct\u00fcn\u00fcn propagandas\u0131n\u0131 yapt\u0131\u011f\u0131 gerek\u00e7esiyle cezaya \u00e7arpt\u0131r\u0131lmas\u0131 nedeniyle Kand\u0131ra F Tipi Y\u00fcksek G\u00fcvenlikli Kapal\u0131 Ceza \u0130nfaz Kurumunda bulunuyor.<\/p>\n<!-- Error, Advert is not available at this time due to schedule\/geolocation restrictions! -->\n","protected":false},"excerpt":{"rendered":"<p>Yarg\u0131tay Cumhuriyet Ba\u015fsavc\u0131l\u0131\u011f\u0131nca, hakk\u0131nda kesinle\u015fen hapis cezas\u0131 nedeniyle Figen Y\u00fcksekda\u011f&#8217;\u0131n parti \u00fcyeli\u011fi d\u00fc\u015f\u00fcr\u00fcld\u00fc. HDP E\u015f Genel Ba\u015fkan\u0131 ve Van Milletvekili Figen Y\u00fcksekda\u011f&#8217;\u0131n, hakk\u0131nda ter\u00f6r \u00f6rg\u00fct\u00fc propagandas\u0131 yapmak su\u00e7undan cezaland\u0131r\u0131lmas\u0131na ili\u015fkin 27 Kas\u0131m 2013 tarihli karar\u0131n Yarg\u0131tay taraf\u0131ndan 22 Eyl\u00fcl 2016&#8217;da onanmas\u0131n\u0131n ard\u0131ndan milletvekilli\u011fi d\u00fc\u015f\u00fcr\u00fclm\u00fc\u015ft\u00fc. Yarg\u0131tay Cumhuriyet Ba\u015fsavc\u0131l\u0131\u011f\u0131, kesinle\u015fen hapis cezas\u0131 nedeniyle Y\u00fcksekda\u011f&#8217;\u0131n siyasi parti \u00fcyeli\u011fini &hellip;<\/p>\n","protected":false},"author":4,"featured_media":247478,"comment_status":"open","ping_status":"open","sticky":false,"template":"","format":"standard","meta":{"_acf_changed":false,"footnotes":""},"categories":[6155,5005,6202,349],"tags":[171922,177644,146668,15899],"class_list":["post-247477","post","type-post","status-publish","format-standard","has-post-thumbnail","hentry","category-gundem","category-manset","category-politika","category-son-dakika","tag-figen-yuksekdag","tag-figen-yuksekdag-hdp","tag-hdp","tag-yargitay"],"acf":[],"_links":{"self":[{"href":"https:\/\/www.nationalturk.com\/tr\/wp-json\/wp\/v2\/posts\/247477","targetHints":{"allow":["GET"]}}],"collection":[{"href":"https:\/\/www.nationalturk.com\/tr\/wp-json\/wp\/v2\/posts"}],"about":[{"href":"https:\/\/www.nationalturk.com\/tr\/wp-json\/wp\/v2\/types\/post"}],"author":[{"embeddable":true,"href":"https:\/\/www.nationalturk.com\/tr\/wp-json\/wp\/v2\/users\/4"}],"replies":[{"embeddable":true,"href":"https:\/\/www.nationalturk.com\/tr\/wp-json\/wp\/v2\/comments?post=247477"}],"version-history":[{"count":0,"href":"https:\/\/www.nationalturk.com\/tr\/wp-json\/wp\/v2\/posts\/247477\/revisions"}],"wp:featuredmedia":[{"embeddable":true,"href":"https:\/\/www.nationalturk.com\/tr\/wp-json\/wp\/v2\/media\/247478"}],"wp:attachment":[{"href":"https:\/\/www.nationalturk.com\/tr\/wp-json\/wp\/v2\/media?parent=247477"}],"wp:term":[{"taxonomy":"category","embeddable":true,"href":"https:\/\/www.nationalturk.com\/tr\/wp-json\/wp\/v2\/categories?post=247477"},{"taxonomy":"post_tag","embeddable":true,"href":"https:\/\/www.nationalturk.com\/tr\/wp-json\/wp\/v2\/tags?post=247477"}],"curies":[{"name":"wp","href":"https:\/\/api.w.org\/{rel}","templated":true}]}}