{"id":247763,"date":"2017-03-17T11:00:37","date_gmt":"2017-03-17T08:00:37","guid":{"rendered":"http:\/\/www.nationalturk.com\/?p=247763"},"modified":"2017-03-17T11:00:37","modified_gmt":"2017-03-17T08:00:37","slug":"trump-protestosuna-polis-mudahalesi","status":"publish","type":"post","link":"https:\/\/www.nationalturk.com\/tr\/trump-protestosuna-polis-mudahalesi\/","title":{"rendered":"Trump protestosuna polis m\u00fcdahalesi"},"content":{"rendered":"<h2>ABD Ba\u015fkan\u0131 Donald Trump&#8217;\u0131n baz\u0131 M\u00fcsl\u00fcman \u00fclkelerin vatanda\u015flar\u0131na y\u00f6nelik yeni vize yasa\u011f\u0131 kararnamesini protesto etmek i\u00e7in &#8220;sivil itaatsizlik eylemi&#8221; ba\u015flat\u0131p yolu trafi\u011fe kapatan gruptan 25 ki\u015fi g\u00f6zalt\u0131na al\u0131nd\u0131.<\/h2>\n<p>ABD&#8217;nin New York kentinde, Ba\u015fkan Donald Trump&#8217;\u0131n 6 M\u00fcsl\u00fcman \u00fclke vatanda\u015flar\u0131na 3 ay vize yasa\u011f\u0131 getiren yeni kararnamesini protesto etmek amac\u0131yla yolu trafi\u011fe kapatarak &#8220;sivil itaatsizlik eylemi&#8221; yapan ki\u015filerden 25&#8217;i g\u00f6zalt\u0131na al\u0131nd\u0131.<\/p>\n<p>Trump&#8217;\u0131n, ilki iptal edilmesine ra\u011fmen vize yasa\u011f\u0131ndan vazge\u00e7memesi ve yeni kararnameyi imzalamas\u0131 \u00fclke genelinde protesto ediliyor.<\/p>\n<p>Kararnameye kar\u015f\u0131 &#8220;direni\u015f haftas\u0131&#8221; ba\u015flatan New York&#8217;taki inan\u00e7 gruplar\u0131, Washington Meydan\u0131&#8217;nda topland\u0131. Varick Soka\u011f\u0131&#8217;ndaki ABD Vatanda\u015fl\u0131k ve G\u00f6\u00e7menlik Hizmetleri B\u00fcrosu \u00f6n\u00fcne kadar y\u00fcr\u00fcyen eylemciler, &#8220;\u0130nan\u00e7 korkunun \u00fczerindedir.&#8221; diye ba\u011f\u0131r\u0131p Trump ve kararname kar\u015f\u0131t\u0131 sloganlar att\u0131.<\/p>\n<p>Y\u00fcr\u00fcy\u00fc\u015f\u00fcn tamamland\u0131\u011f\u0131 yerde trafi\u011fi durduran ve sivil itaatsizlik eylemi ba\u015flatan gruba m\u00fcdahale eden New York polisi, 25 ki\u015fiyi g\u00f6zalt\u0131na ald\u0131.<\/p>\n<p>Donald Trump&#8217;\u0131n ocak ay\u0131nda imzalad\u0131\u011f\u0131 7 M\u00fcsl\u00fcman \u00fclke vatanda\u015flar\u0131na ABD&#8217;ye giri\u015f yasa\u011f\u0131n\u0131 kapsayan kararname Washington eyaletinden bir federal yarg\u0131\u00e7 taraf\u0131ndan iptal edilmi\u015fti. Bunun \u00fczerine Trump, kararnamede yer alan \u00fclkelerden Irak&#8217;\u0131 \u00e7\u0131kararak metni revize edip yeniden imzalam\u0131\u015ft\u0131. Bu kararnameyi de \u00f6nce Hawaii&#8217;de bir federal yarg\u0131\u00e7 \u00fclke genelinde ask\u0131ya alm\u0131\u015f, ard\u0131ndan Maryland eyaletinin federal yarg\u0131c\u0131 ihtiyati tedbir karar\u0131 vermi\u015fti.<\/p>\n<p>8 g\u00f6\u00e7men tutukland\u0131<br \/>\n\u00d6te yandan, ABD G\u00f6\u00e7menlik ve G\u00fcmr\u00fck Muhafaza (ICE) ekiplerinin New York kentinde iki g\u00fcn s\u00fcren operasyonlar\u0131nda, cinsel taciz ve uyu\u015fturucu su\u00e7lar\u0131ndan aranan G\u00fcney Amerika k\u00f6kenli 8 g\u00f6\u00e7men g\u00f6zalt\u0131na al\u0131nd\u0131. Bu g\u00f6\u00e7menler daha sonra tutukland\u0131.<\/p>\n<!-- Error, Advert is not available at this time due to schedule\/geolocation restrictions! -->\n","protected":false},"excerpt":{"rendered":"<p>ABD Ba\u015fkan\u0131 Donald Trump&#8217;\u0131n baz\u0131 M\u00fcsl\u00fcman \u00fclkelerin vatanda\u015flar\u0131na y\u00f6nelik yeni vize yasa\u011f\u0131 kararnamesini protesto etmek i\u00e7in &#8220;sivil itaatsizlik eylemi&#8221; ba\u015flat\u0131p yolu trafi\u011fe kapatan gruptan 25 ki\u015fi g\u00f6zalt\u0131na al\u0131nd\u0131. ABD&#8217;nin New York kentinde, Ba\u015fkan Donald Trump&#8217;\u0131n 6 M\u00fcsl\u00fcman \u00fclke vatanda\u015flar\u0131na 3 ay vize yasa\u011f\u0131 getiren yeni kararnamesini protesto etmek amac\u0131yla yolu trafi\u011fe kapatarak &#8220;sivil itaatsizlik eylemi&#8221; &hellip;<\/p>\n","protected":false},"author":4,"featured_media":247764,"comment_status":"open","ping_status":"open","sticky":false,"template":"","format":"standard","meta":{"_acf_changed":false,"footnotes":""},"categories":[6768,6665,6155,5005,349],"tags":[1887,199658,2230,207775],"class_list":["post-247763","post","type-post","status-publish","format-standard","has-post-thumbnail","hentry","category-amerika","category-dunya","category-gundem","category-manset","category-son-dakika","tag-abd","tag-donald-trump","tag-new-york","tag-trump-protesto"],"acf":[],"_links":{"self":[{"href":"https:\/\/www.nationalturk.com\/tr\/wp-json\/wp\/v2\/posts\/247763","targetHints":{"allow":["GET"]}}],"collection":[{"href":"https:\/\/www.nationalturk.com\/tr\/wp-json\/wp\/v2\/posts"}],"about":[{"href":"https:\/\/www.nationalturk.com\/tr\/wp-json\/wp\/v2\/types\/post"}],"author":[{"embeddable":true,"href":"https:\/\/www.nationalturk.com\/tr\/wp-json\/wp\/v2\/users\/4"}],"replies":[{"embeddable":true,"href":"https:\/\/www.nationalturk.com\/tr\/wp-json\/wp\/v2\/comments?post=247763"}],"version-history":[{"count":0,"href":"https:\/\/www.nationalturk.com\/tr\/wp-json\/wp\/v2\/posts\/247763\/revisions"}],"wp:featuredmedia":[{"embeddable":true,"href":"https:\/\/www.nationalturk.com\/tr\/wp-json\/wp\/v2\/media\/247764"}],"wp:attachment":[{"href":"https:\/\/www.nationalturk.com\/tr\/wp-json\/wp\/v2\/media?parent=247763"}],"wp:term":[{"taxonomy":"category","embeddable":true,"href":"https:\/\/www.nationalturk.com\/tr\/wp-json\/wp\/v2\/categories?post=247763"},{"taxonomy":"post_tag","embeddable":true,"href":"https:\/\/www.nationalturk.com\/tr\/wp-json\/wp\/v2\/tags?post=247763"}],"curies":[{"name":"wp","href":"https:\/\/api.w.org\/{rel}","templated":true}]}}