{"id":247807,"date":"2017-03-17T18:06:48","date_gmt":"2017-03-17T15:06:48","guid":{"rendered":"http:\/\/www.nationalturk.com\/?p=247807"},"modified":"2017-03-17T18:06:48","modified_gmt":"2017-03-17T15:06:48","slug":"dilek-dogan-davasinda-karar-aciklandi","status":"publish","type":"post","link":"https:\/\/www.nationalturk.com\/tr\/dilek-dogan-davasinda-karar-aciklandi\/","title":{"rendered":"Dilek Do\u011fan davas\u0131nda karar a\u00e7\u0131kland\u0131"},"content":{"rendered":"<h2>Polis kur\u015funuyla \u00f6ld\u00fcr\u00fclen Dilek Do\u011fan davas\u0131nda karar \u00e7\u0131kt\u0131! \/ Son Dakika&#8230;<\/h2>\n<p>DHKP\/C&#8217;ye y\u00f6nelik operasyonda yaralanan ve kald\u0131r\u0131ld\u0131\u011f\u0131 hastanede hayat\u0131n\u0131 kaybeden Dilek Do\u011fan&#8217;\u0131n \u00f6l\u00fcm\u00fcne ili\u015fkin davada yarg\u0131lanan polis memuru, 6 y\u0131l 3 ay hapis cezas\u0131na \u00e7arpt\u0131r\u0131ld\u0131.<\/p>\n<p>Polis memuru, &#8220;bilin\u00e7li taksirle \u00f6ld\u00fcrme&#8221; su\u00e7undan 6 y\u0131l 3 ay hapis cezas\u0131na \u00e7arpt\u0131r\u0131ld\u0131.<\/p>\n<!-- Error, Advert is not available at this time due to schedule\/geolocation restrictions! -->\n","protected":false},"excerpt":{"rendered":"<p>Polis kur\u015funuyla \u00f6ld\u00fcr\u00fclen Dilek Do\u011fan davas\u0131nda karar \u00e7\u0131kt\u0131! \/ Son Dakika&#8230; DHKP\/C&#8217;ye y\u00f6nelik operasyonda yaralanan ve kald\u0131r\u0131ld\u0131\u011f\u0131 hastanede hayat\u0131n\u0131 kaybeden Dilek Do\u011fan&#8217;\u0131n \u00f6l\u00fcm\u00fcne ili\u015fkin davada yarg\u0131lanan polis memuru, 6 y\u0131l 3 ay hapis cezas\u0131na \u00e7arpt\u0131r\u0131ld\u0131. Polis memuru, &#8220;bilin\u00e7li taksirle \u00f6ld\u00fcrme&#8221; su\u00e7undan 6 y\u0131l 3 ay hapis cezas\u0131na \u00e7arpt\u0131r\u0131ld\u0131.<\/p>\n","protected":false},"author":4,"featured_media":247666,"comment_status":"open","ping_status":"open","sticky":false,"template":"","format":"standard","meta":{"_acf_changed":false,"footnotes":""},"categories":[6155,5005,349,6805],"tags":[201613,206280,27382],"class_list":["post-247807","post","type-post","status-publish","format-standard","has-post-thumbnail","hentry","category-gundem","category-manset","category-son-dakika","category-turkiye","tag-dhkpc","tag-dilek-dogan","tag-son-dakika"],"acf":[],"_links":{"self":[{"href":"https:\/\/www.nationalturk.com\/tr\/wp-json\/wp\/v2\/posts\/247807","targetHints":{"allow":["GET"]}}],"collection":[{"href":"https:\/\/www.nationalturk.com\/tr\/wp-json\/wp\/v2\/posts"}],"about":[{"href":"https:\/\/www.nationalturk.com\/tr\/wp-json\/wp\/v2\/types\/post"}],"author":[{"embeddable":true,"href":"https:\/\/www.nationalturk.com\/tr\/wp-json\/wp\/v2\/users\/4"}],"replies":[{"embeddable":true,"href":"https:\/\/www.nationalturk.com\/tr\/wp-json\/wp\/v2\/comments?post=247807"}],"version-history":[{"count":0,"href":"https:\/\/www.nationalturk.com\/tr\/wp-json\/wp\/v2\/posts\/247807\/revisions"}],"wp:featuredmedia":[{"embeddable":true,"href":"https:\/\/www.nationalturk.com\/tr\/wp-json\/wp\/v2\/media\/247666"}],"wp:attachment":[{"href":"https:\/\/www.nationalturk.com\/tr\/wp-json\/wp\/v2\/media?parent=247807"}],"wp:term":[{"taxonomy":"category","embeddable":true,"href":"https:\/\/www.nationalturk.com\/tr\/wp-json\/wp\/v2\/categories?post=247807"},{"taxonomy":"post_tag","embeddable":true,"href":"https:\/\/www.nationalturk.com\/tr\/wp-json\/wp\/v2\/tags?post=247807"}],"curies":[{"name":"wp","href":"https:\/\/api.w.org\/{rel}","templated":true}]}}