{"id":247875,"date":"2017-03-22T10:51:25","date_gmt":"2017-03-22T07:51:25","guid":{"rendered":"http:\/\/www.nationalturk.com\/?p=247875"},"modified":"2017-03-22T10:51:25","modified_gmt":"2017-03-22T07:51:25","slug":"pique-takim-arkadasi-messinin-dugunune-katilamiyor","status":"publish","type":"post","link":"https:\/\/www.nationalturk.com\/tr\/pique-takim-arkadasi-messinin-dugunune-katilamiyor\/","title":{"rendered":"Pique Tak\u0131m Arkada\u015f\u0131 Messi&#8217;nin D\u00fc\u011f\u00fcn\u00fcne Kat\u0131lam\u0131yor"},"content":{"rendered":"<h2>Barcelona\u2019n\u0131n y\u0131ld\u0131z\u0131 Messi, bu yaz evlenecek ancak tak\u0131m arkada\u015f\u0131 Pique d\u00fc\u011f\u00fcne kat\u0131lamayacak. Sebebi ise&#8230;<\/h2>\n<p>Barcelona\u2019da top ko\u015fturan Arjantinli y\u0131ld\u0131z futbolcu Lionel Messi, 24 Haziran\u2019da k\u0131z arkada\u015f\u0131 Antonella Roccuzzo ile d\u00fcnya evine girecek. Nikah t\u00f6reni, Buenos Aires\u2019e 300 kilometre mesafedeki Rosario\u2019da kilisesinde yap\u0131lacak. Rosario kentinde d\u00fc\u011f\u00fcne \u00e7iftin ailesi ve yak\u0131n arkada\u015flar\u0131ndan olu\u015funa y\u00fczlerce davetli kat\u0131lacak.<\/p>\n<p><img loading=\"lazy\" decoding=\"async\" class=\"alignnone size-full wp-image-247877\" src=\"http:\/\/www.nationalturk.com\/tr\/wp-content\/uploads\/2017\/03\/messi-evleniyor.jpg\" alt=\"Pique Tak\u0131m Arkada\u015f\u0131 Messi\u2019nin D\u00fc\u011f\u00fcn\u00fcne Kat\u0131lam\u0131yor\" width=\"620\" height=\"372\" title=\"\"><\/p>\n<h3>Pique Tak\u0131m Arkada\u015f\u0131 Messi&#8217;nin D\u00fc\u011f\u00fcn\u00fcne Kat\u0131lam\u0131yor<\/h3>\n<p>Messi\u2019nin Barcelona\u2019dan tak\u0131m arkada\u015f\u0131 olan \u0130spanyol gutbolcu Gerard Pique, d\u00fc\u011f\u00fcne Shakira\u2019n\u0131n vetosu y\u00fcz\u00fcnden kat\u0131lamayacak. Zira Shakira ile Messi\u2019nin e\u015fi Antonella aras\u0131nda so\u011fuk r\u00fczgarlar esiyor. Sebebi ise k\u0131skan\u00e7l\u0131k.<\/p>\n<h4>Eski k\u0131z arkada\u015f\u0131n\u0131n en yak\u0131n arkada\u015f\u0131<\/h4>\n<p>Pique, 2010 y\u0131l\u0131na kadar Antonella\u2019n\u0131n en iyi arkada\u015flar\u0131ndan biri olan Nuria ile birlikteydi. Pique bu birlikteli\u011fi Shakira u\u011fruna bozmu\u015ftu.<\/p>\n<!-- Error, Advert is not available at this time due to schedule\/geolocation restrictions! -->\n","protected":false},"excerpt":{"rendered":"<p>Barcelona\u2019n\u0131n y\u0131ld\u0131z\u0131 Messi, bu yaz evlenecek ancak tak\u0131m arkada\u015f\u0131 Pique d\u00fc\u011f\u00fcne kat\u0131lamayacak. Sebebi ise&#8230;<\/p>\n","protected":false},"author":3,"featured_media":247878,"comment_status":"open","ping_status":"open","sticky":false,"template":"","format":"standard","meta":{"_acf_changed":false,"footnotes":""},"categories":[6232,5005,67944],"tags":[1038,40017,20555,23735],"class_list":["post-247875","post","type-post","status-publish","format-standard","has-post-thumbnail","hentry","category-magazin","category-manset","category-yurtdisi-magazin-haberleri","tag-barcelona","tag-gerard-pique","tag-messi","tag-shakira"],"acf":[],"_links":{"self":[{"href":"https:\/\/www.nationalturk.com\/tr\/wp-json\/wp\/v2\/posts\/247875","targetHints":{"allow":["GET"]}}],"collection":[{"href":"https:\/\/www.nationalturk.com\/tr\/wp-json\/wp\/v2\/posts"}],"about":[{"href":"https:\/\/www.nationalturk.com\/tr\/wp-json\/wp\/v2\/types\/post"}],"author":[{"embeddable":true,"href":"https:\/\/www.nationalturk.com\/tr\/wp-json\/wp\/v2\/users\/3"}],"replies":[{"embeddable":true,"href":"https:\/\/www.nationalturk.com\/tr\/wp-json\/wp\/v2\/comments?post=247875"}],"version-history":[{"count":0,"href":"https:\/\/www.nationalturk.com\/tr\/wp-json\/wp\/v2\/posts\/247875\/revisions"}],"wp:featuredmedia":[{"embeddable":true,"href":"https:\/\/www.nationalturk.com\/tr\/wp-json\/wp\/v2\/media\/247878"}],"wp:attachment":[{"href":"https:\/\/www.nationalturk.com\/tr\/wp-json\/wp\/v2\/media?parent=247875"}],"wp:term":[{"taxonomy":"category","embeddable":true,"href":"https:\/\/www.nationalturk.com\/tr\/wp-json\/wp\/v2\/categories?post=247875"},{"taxonomy":"post_tag","embeddable":true,"href":"https:\/\/www.nationalturk.com\/tr\/wp-json\/wp\/v2\/tags?post=247875"}],"curies":[{"name":"wp","href":"https:\/\/api.w.org\/{rel}","templated":true}]}}