{"id":247982,"date":"2017-03-24T14:38:31","date_gmt":"2017-03-24T11:38:31","guid":{"rendered":"http:\/\/www.nationalturk.com\/?p=247982"},"modified":"2019-03-28T13:05:51","modified_gmt":"2019-03-28T10:05:51","slug":"desaillyi-vieriayi-abidali-ve-ferdinandi-taniyor-musunuz","status":"publish","type":"post","link":"https:\/\/www.nationalturk.com\/tr\/desaillyi-vieriayi-abidali-ve-ferdinandi-taniyor-musunuz\/","title":{"rendered":"Desailly\u2019i, Vieria\u2019y\u0131, Abidal\u2019i ve Ferdinand\u2019\u0131 tan\u0131yor musunuz?"},"content":{"rendered":"<h2><img loading=\"lazy\" decoding=\"async\" class=\"alignleft size-full wp-image-247983\" src=\"http:\/\/www.nationalturk.com\/tr\/wp-content\/uploads\/2017\/03\/mg-anasayfa-3.jpg\" alt=\"\" width=\"300\" height=\"320\" title=\"\"><\/h2>\n<h2>NatinoalTurk yorumcusu M\u00fcsl\u00fcm G\u00fclhan&#8217;\u0131n bu haftaki &#8220;Desailly\u2019i, Vieria\u2019y\u0131, Abidal\u2019i ve Ferdinand\u2019\u0131 tan\u0131yor musunuz?&#8221; ba\u015fl\u0131kl\u0131 yaz\u0131s\u0131;<\/h2>\n<p>S\u0131f\u0131r rak\u0131mda(!) yap\u0131lan zirvenin bir sonucu beni \u00e7ok etkiledi.<\/p>\n<p>Bir toplant\u0131ya zirve dendi\u011finde, bu toplan\u0131lan konuyla ilgili \u2018en \u00fcst nokta\u2019da tart\u0131\u015fma anlam\u0131na geliyor. Yani futbolu en \u00fcst noktada tart\u0131\u015fmak anlam\u0131na geliyor. Neyse ki b\u00f6yle bir sorumlulu\u011fumuz da, zorunlulu\u011fumuz da yok!<\/p>\n<p>Zirvenin birinci periyoduna bak\u0131ld\u0131\u011f\u0131nda, konunun futbolla ilgili olmay\u0131p, siyasi a\u00e7\u0131dan yap\u0131lan bir toplant\u0131n\u0131n, i\u00e7eri\u011fi bak\u0131m\u0131ndan tatmin edici sonucu vard\u0131.<\/p>\n<p>Tabii konuyu ba\u011flayanlar i\u00e7in s\u00f6yl\u00fcyorum.<\/p>\n<p>D\u00fcr\u00fcst\u00e7e konu\u015fmak gerekirse, kimse, zaten futbol ad\u0131na bir \u015feyler almak amac\u0131yla toplant\u0131ya kat\u0131lmad\u0131, orada resim vermek ve bunu belgelemek i\u00e7in bir \u00e7aba i\u00e7indeydiler. \u00c7\u00fcnk\u00fc \u00fclkedeki futbolda i\u00e7erik kayboldu\u011fundan, herkes siyasete ba\u011fl\u0131 bir ili\u015fki pe\u015findeydi. Zaten sekt\u00f6r i\u00e7indeki herkes ruhunu siyasete kar\u015f\u0131l\u0131ks\u0131z hibe etmi\u015f durumda.<\/p>\n<p>Haliyle, ba\u011flant\u0131lar, i\u015f bulma ya da iyi \u015fartlarda \u00e7al\u0131\u015fma ko\u015fullar\u0131n\u0131 yerine getirmek a\u00e7\u0131s\u0131ndan, ba\u011flant\u0131lar\u0131n i\u00e7ine girme olana\u011f\u0131ndan dolay\u0131 iyi bir aland\u0131 bu zirve.<\/p>\n<p>Zaten kimse de geri ad\u0131m atmad\u0131.<\/p>\n<p>Hadi siyasetin \u00e7abas\u0131n\u0131 bir yere kadar anlar\u0131m da; ak\u015fam, ger\u00e7ekten futbol ad\u0131na \u00e7ok \u00f6nemli sunumlar\u0131n yap\u0131ld\u0131\u011f\u0131 ikinci periyodda niye kimse yoktu, bunu anlayam\u0131yorum!<\/p>\n<p>Resim \u00e7ektirme yar\u0131\u015f\u0131nda olan antren\u00f6r arkada\u015flar; neden Desailly, Adibal, Ferdinand ve Vieria\u2019n\u0131n sunum yapt\u0131\u011f\u0131 toplant\u0131ya kat\u0131lmad\u0131lar? Bunu anlamak \u00e7ok zor.<\/p>\n<p>Bu kadar donan\u0131ml\u0131 konu\u015fmac\u0131lar\u0131 dinlememenin arkas\u0131ndaki gerek\u00e7e ne olabilir? Do\u011frusu \u00e7ok merak ediyorum.<\/p>\n<p>Donan\u0131mlar? Yabanc\u0131 oldu\u011fumuz \u015feyler.<\/p>\n<p>Ferdinand\u2019\u0131 herkes tan\u0131yor. Be\u015fikta\u015f\u2019a katk\u0131s\u0131 ve \u0130ngiliz futboluna katk\u0131s\u0131 hep T\u00fcrkiye\u2019de g\u00fcndemdeydi. Peki; Desailly, Vieria ve Abidal\u2019in D\u00fcnya Futboluna katk\u0131s\u0131?<\/p>\n<p>Desailly: 1998 Fransa Milli Tak\u0131m\u0131 ile D\u00fcnya Kupas\u0131, 2000 Fransa Milli Tak\u0131m\u0131 ile Avrupa \u015eampiyonlu\u011fu, 2001-2003 Fransa Milli Tak\u0131m\u0131 ile F\u0130FA Konfederasyon Kupas\u0131, Milan ve Marsilya ile \u015eampiyonlar Ligi \u015eampiyonlu\u011fu, Milan ve Chelsea ile UEFA S\u00fcper Kupay\u0131 ve Milan ile 2 kez Lig \u015eampiyonlu\u011funu kazand\u0131.<\/p>\n<p>Abidal: Barcelona ile 2 kez \u015eampiyonlar Ligi \u015eampiyonlu\u011fu, Barselona ile UEFA S\u00fcper Kupa, Barselona ile 2 kez F\u0130FA D\u00fcnya Kul\u00fcpler Kupas\u0131n\u0131, Barcelona ile 4 kez, Lyon ile 3 kez lig \u015fampiyonluklar\u0131n\u0131 kazand\u0131.<\/p>\n<p>Vieira: 1998 Fransa Milli Tak\u0131m\u0131 ile D\u00fcnya Kupas\u0131, 2000 Fransa Milli Tak\u0131m\u0131 ile Avrupa \u015eampiyonlu\u011fu, 2001-2003 Fransa Milli Tak\u0131m\u0131 ile Konfederasyon Kupas\u0131, \u0130nter ile \u015eampiyonlar Ligi \u015ea mpiyonlu\u011funu, Arsenal ile 3 kez, \u0130nter ile 4 kez, Milan ile bir kere lig \u015fampiyonluklar\u0131n\u0131 kazand\u0131.<\/p>\n<p>\u015eimdi, de\u011ferli antren\u00f6r arkada\u015flar: T\u00fcrkiye\u2019de bu kadar donan\u0131ml\u0131 insanlar\u0131 hangi ko\u015fullarda dinleme imk\u00e2n\u0131n\u0131z olabilir. Zirvenin amac\u0131 \u00e7ok farkl\u0131 olmas\u0131na ra\u011fmen, pek ilgilenmeseler de bu \u00fc\u00e7 konu\u015fmac\u0131n\u0131n davet edilmesini ama her s\u00f6yleyecekleri \u015feyin ne kadar dolu oldu\u011funu bilmek, onlar\u0131 dinlemek \u00e7ok \u00f6nemliydi. Ama onlar\u0131n bo\u015f koltuklara konu\u015fmas\u0131 da o kadar can ac\u0131t\u0131c\u0131 bir durumdu.<\/p>\n<p>Ke\u015fke payla\u015f\u0131mlar\u0131n\u0131zda bu \u00fc\u00e7 de\u011ferli konu\u015fmac\u0131n\u0131n neler s\u00f6ylediklerini yay\u0131nlasayd\u0131n\u0131z.<\/p>\n<p>Hani o, antren\u00f6rlerle, ba\u015fkanlarla ve resmi g\u00f6revlilerle \u00e7ektirdi\u011finiz selfiler yerine, sunumlar\u0131n detaylar\u0131n\u0131 yay\u0131nlasayd\u0131n\u0131z san\u0131r\u0131m daha anlaml\u0131 olurdu.<\/p>\n<p>Ac\u0131 olan; kimsenin dinlemeye bile tenezz\u00fcl etmeyecek \u00f6zg\u00fcvene sahip olmas\u0131. Tabii bu \u00f6zg\u00fcvenin bilgi ve donan\u0131mdan kaynaklanmad\u0131\u011f\u0131 kesin.<\/p>\n<p>\u00d6\u011fretilmi\u015f \u00e7aresizlikler b\u00f6yle bir \u015fey; bilgi, bu \u00fclkede maalesef ili\u015fkilerin yerini alam\u0131yor. \u00d6nemli olan pazarlanan ili\u015fkiler i\u00e7indeki bu sosyal ranttan pay kapmakt\u0131r.<\/p>\n<p>Belki para kazan\u0131l\u0131r bu s\u00fcre\u00e7 i\u00e7inde ama her defas\u0131nda mesle\u011finizin t\u00fcm de\u011ferleri ve donan\u0131mlar\u0131n\u0131n imha oldu\u011funu da bilmeniz gerekir.<\/p>\n<p>Ha, \u00e7ok \u00f6nemli mi? \u015eu s\u00fcre\u00e7 i\u00e7in belki hay\u0131r, ama gelecek i\u00e7in bir yok olu\u015ftur.<\/p>\n<p>\u015eundan eminim ki; Volkan Demirel, Emre Bel\u00f6zo\u011flu, Arda Turan ve S\u00fcper Lig\u2019in, Birinci Lig\u2019in ve di\u011fer liglerin futbolcular\u0131 ve teknik direkt\u00f6rleri de dinlemeye kalmam\u0131\u015flard\u0131r.<\/p>\n<p>\u00d6zellikle Arda Turan\u2019\u0131 \u00e7ok merak ediyorum, Abidal\u2019i dinlemek i\u00e7in kald\u0131 m\u0131? Barcelona altyap\u0131s\u0131ndan yeti\u015fen ve oynayan bir oyuncunun (\u0130niesta, Xavi, Busquets Pique, Puyol), Abidal\u2019in \u015fehirde konu\u015fma yapaca\u011f\u0131n\u0131 bilip de onu dinlemeye gitmemesi m\u00fcmk\u00fcn m\u00fc? Bu y\u00fczden Arda Barcelona futbolcusu olamad\u0131.<\/p>\n<p>Kul\u00fcp ba\u015fkanlar\u0131n\u0131n kalmas\u0131 diye bir \u015fey s\u00f6z konusu zaten olamaz! \u00c7\u00fcnk\u00fc bu konular\u0131 a\u015fm\u0131\u015f durumdalar. T\u00fcrkiye futbolunun bug\u00fcnk\u00fc \u2018marka de\u011feri\u2019 (!), onlar\u0131n sayesinde oldu\u011fundan, dinlemeye gerek yok! Genelde onlar ders almazlar, ders verirler (\u2026.) yok olu\u015fa dair!<\/p>\n<p>\u0130\u015fin komik yan\u0131, hi\u00e7bir medya kurulu\u015funun bu konuklar\u0131n s\u00f6ylemlerine yer vermemeleri. Sadece en son sat\u0131rda \u201cdeneyimlerini payla\u015ft\u0131lar\u201d diye bir c\u00fcmleyle bu oturumun haberini bitirmi\u015fler. \u00c7\u00fcnk\u00fc onlar i\u00e7in de zirvenin anlam\u0131 farkl\u0131yd\u0131?<\/p>\n<p>San\u0131r\u0131m zirvenin espri konusu da T\u00fcrkiye futbolunun \u2018marka de\u011feri\u2019 oldu.<\/p>\n<p>Art\u0131k \u00fcz\u00fclecek seviyeyi de ge\u00e7tik.<\/p>\n<p><strong>M\u00fcsl\u00fcm G\u00fclhan \/ NationalTurk<\/strong><\/p>\n<!-- Error, Advert is not available at this time due to schedule\/geolocation restrictions! -->\n","protected":false},"excerpt":{"rendered":"<p>NatinoalTurk yorumcusu M\u00fcsl\u00fcm G\u00fclhan&#8217;\u0131n bu haftaki &#8220;Desailly\u2019i, Vieria\u2019y\u0131, Abidal\u2019i ve Ferdinand\u2019\u0131 tan\u0131yor musunuz?&#8221; ba\u015fl\u0131kl\u0131 yaz\u0131s\u0131; S\u0131f\u0131r rak\u0131mda(!) yap\u0131lan zirvenin bir sonucu beni \u00e7ok etkiledi. Bir toplant\u0131ya zirve dendi\u011finde, bu toplan\u0131lan konuyla ilgili \u2018en \u00fcst nokta\u2019da tart\u0131\u015fma anlam\u0131na geliyor. Yani futbolu en \u00fcst noktada tart\u0131\u015fmak anlam\u0131na geliyor. Neyse ki b\u00f6yle bir sorumlulu\u011fumuz da, zorunlulu\u011fumuz da yok! &hellip;<\/p>\n","protected":false},"author":9192211,"featured_media":247984,"comment_status":"open","ping_status":"open","sticky":false,"template":"","format":"standard","meta":{"_acf_changed":false,"footnotes":""},"categories":[6774,26554,5005,6194],"tags":[5891,212164,195969,10061],"class_list":["post-247982","post","type-post","status-publish","format-standard","has-post-thumbnail","hentry","category-futbol","category-haftanin-yorumu","category-manset","category-spor","tag-fatih-terim","tag-futbol-zirvesi","tag-muslum-gulhan","tag-nationalturk"],"acf":[],"_links":{"self":[{"href":"https:\/\/www.nationalturk.com\/tr\/wp-json\/wp\/v2\/posts\/247982","targetHints":{"allow":["GET"]}}],"collection":[{"href":"https:\/\/www.nationalturk.com\/tr\/wp-json\/wp\/v2\/posts"}],"about":[{"href":"https:\/\/www.nationalturk.com\/tr\/wp-json\/wp\/v2\/types\/post"}],"author":[{"embeddable":true,"href":"https:\/\/www.nationalturk.com\/tr\/wp-json\/wp\/v2\/users\/9192211"}],"replies":[{"embeddable":true,"href":"https:\/\/www.nationalturk.com\/tr\/wp-json\/wp\/v2\/comments?post=247982"}],"version-history":[{"count":0,"href":"https:\/\/www.nationalturk.com\/tr\/wp-json\/wp\/v2\/posts\/247982\/revisions"}],"wp:featuredmedia":[{"embeddable":true,"href":"https:\/\/www.nationalturk.com\/tr\/wp-json\/wp\/v2\/media\/247984"}],"wp:attachment":[{"href":"https:\/\/www.nationalturk.com\/tr\/wp-json\/wp\/v2\/media?parent=247982"}],"wp:term":[{"taxonomy":"category","embeddable":true,"href":"https:\/\/www.nationalturk.com\/tr\/wp-json\/wp\/v2\/categories?post=247982"},{"taxonomy":"post_tag","embeddable":true,"href":"https:\/\/www.nationalturk.com\/tr\/wp-json\/wp\/v2\/tags?post=247982"}],"curies":[{"name":"wp","href":"https:\/\/api.w.org\/{rel}","templated":true}]}}