{"id":248249,"date":"2017-03-31T13:52:22","date_gmt":"2017-03-31T10:52:22","guid":{"rendered":"http:\/\/www.nationalturk.com\/?p=248249"},"modified":"2022-08-26T11:38:47","modified_gmt":"2022-08-26T08:38:47","slug":"aziz-yildirimdan-demirorene-milli-takim-tepkisi","status":"publish","type":"post","link":"https:\/\/www.nationalturk.com\/tr\/aziz-yildirimdan-demirorene-milli-takim-tepkisi\/","title":{"rendered":"Aziz Y\u0131ld\u0131r\u0131m&#8217;dan Demir\u00f6ren&#8217;e milli tak\u0131m tepkisi"},"content":{"rendered":"<h2>Fenerbah\u00e7e Kul\u00fcb\u00fc Ba\u015fkan\u0131 Aziz Y\u0131ld\u0131r\u0131m, \u00dcmit Milli Futbol Tak\u0131m\u0131&#8217;n\u0131n Ukrayna ve Azerbaycan ile yapt\u0131\u011f\u0131 \u00f6zel ma\u00e7lar\u0131n aday kadrosuna sar\u0131-lacivertli tak\u0131mdan oyuncu davet edilmemesine tepki g\u00f6sterdi.<\/h2>\n<p>Aziz Y\u0131ld\u0131r\u0131m&#8217;\u0131n, T\u00fcrkiye Futbol Federasyonu (TFF) Ba\u015fkan\u0131 Y\u0131ld\u0131r\u0131m Demir\u00f6ren&#8217;e 20 Mart&#8217;ta g\u00f6nderdi\u011fi yaz\u0131, sar\u0131-lacivertli kul\u00fcp taraf\u0131ndan bas\u0131n mensuplar\u0131yla payla\u015f\u0131ld\u0131.<\/p>\n<p>Y\u0131ld\u0131r\u0131m, yaz\u0131s\u0131nda, 21 Ya\u015f Alt\u0131 Ligi&#8217;nde en yak\u0131n takip\u00e7isinin 6 puan \u00f6n\u00fcnde lider olmas\u0131na ra\u011fmen Fenerbah\u00e7e&#8217;den hi\u00e7bir futbolcunun \u00dcmit Milli Tak\u0131m&#8217;\u0131n aday kadrosuna davet edilmedi\u011fini vurgulad\u0131.<\/p>\n<p>Fenerbah\u00e7e Kul\u00fcb\u00fcn\u00fcn di\u011fer alt ya\u015f gruplar\u0131ndaki tak\u0131mlar\u0131ndan da yeteri kadar futbolcunun milli tak\u0131mlara \u00e7a\u011fr\u0131lmad\u0131\u011f\u0131n\u0131 savunan Y\u0131ld\u0131r\u0131m, oyuncular\u0131n\u0131n \u00dcmit Milli Tak\u0131m&#8217;a se\u00e7ilmemesinin mant\u0131kl\u0131 bir sebebinin bulunmad\u0131\u011f\u0131n\u0131 ifade etti\u011fi yaz\u0131s\u0131nda, \u015funlar\u0131 kaydetti:<\/p>\n<p>&#8220;E\u011fer sporcular ve kul\u00fcpler sportif ba\u015far\u0131lar\u0131 ile orant\u0131l\u0131 bir \u015fekilde milli tak\u0131mlarda temsil olana\u011f\u0131na sahip olamayacak, ba\u015far\u0131l\u0131 altyap\u0131lar\u0131n sportif performans\u0131 yerine milli tak\u0131m se\u00e7melerinde objektif olmayan kriterler esas al\u0131nacak ise kul\u00fcb\u00fcm\u00fcz\u00fcn de altyap\u0131lara yat\u0131r\u0131m yapma anlay\u0131\u015f\u0131n\u0131 revize etmesi bir gereklilik olacakt\u0131r. Bu itibarla \u00f6zellikle 21 Ya\u015f Alt\u0131 Milli Tak\u0131m\u0131&#8217;n\u0131n se\u00e7imindeki \u00e7arp\u0131kl\u0131\u011fa dikkatinizi \u00e7ekiyor, T\u00fcrk futbolunun geli\u015fimine hi\u00e7bir katk\u0131s\u0131 olmayacak, objektiflikten uzak oyuncu se\u00e7imine ili\u015fkin anlay\u0131\u015ftan derhal vazge\u00e7ilerek milli tak\u0131mlara oyuncu se\u00e7iminde adil bir anlay\u0131\u015f\u0131n hakim olmas\u0131n\u0131 ve bu anlay\u0131\u015f ile s\u00f6z konusu kriterlerin yeniden g\u00f6zden ge\u00e7irilmesini arzu ediyoruz.&#8221;<\/p>\n<!-- Error, Advert is not available at this time due to schedule\/geolocation restrictions! -->\n","protected":false},"excerpt":{"rendered":"<p>Fenerbah\u00e7e Kul\u00fcb\u00fc Ba\u015fkan\u0131 Aziz Y\u0131ld\u0131r\u0131m, \u00dcmit Milli Futbol Tak\u0131m\u0131&#8217;n\u0131n Ukrayna ve Azerbaycan ile yapt\u0131\u011f\u0131 \u00f6zel ma\u00e7lar\u0131n aday kadrosuna sar\u0131-lacivertli tak\u0131mdan oyuncu davet edilmemesine tepki g\u00f6sterdi. Aziz Y\u0131ld\u0131r\u0131m&#8217;\u0131n, T\u00fcrkiye Futbol Federasyonu (TFF) Ba\u015fkan\u0131 Y\u0131ld\u0131r\u0131m Demir\u00f6ren&#8217;e 20 Mart&#8217;ta g\u00f6nderdi\u011fi yaz\u0131, sar\u0131-lacivertli kul\u00fcp taraf\u0131ndan bas\u0131n mensuplar\u0131yla payla\u015f\u0131ld\u0131. Y\u0131ld\u0131r\u0131m, yaz\u0131s\u0131nda, 21 Ya\u015f Alt\u0131 Ligi&#8217;nde en yak\u0131n takip\u00e7isinin 6 puan &hellip;<\/p>\n","protected":false},"author":4,"featured_media":248250,"comment_status":"open","ping_status":"open","sticky":false,"template":"","format":"standard","meta":{"_acf_changed":false,"footnotes":""},"categories":[6774,5005,6194],"tags":[5058,849,77296,2269],"class_list":["post-248249","post","type-post","status-publish","format-standard","has-post-thumbnail","hentry","category-futbol","category-manset","category-spor","tag-aziz-yildirim","tag-fenerbahce","tag-umit-milli-takim","tag-yildirim-demiroren"],"acf":[],"_links":{"self":[{"href":"https:\/\/www.nationalturk.com\/tr\/wp-json\/wp\/v2\/posts\/248249","targetHints":{"allow":["GET"]}}],"collection":[{"href":"https:\/\/www.nationalturk.com\/tr\/wp-json\/wp\/v2\/posts"}],"about":[{"href":"https:\/\/www.nationalturk.com\/tr\/wp-json\/wp\/v2\/types\/post"}],"author":[{"embeddable":true,"href":"https:\/\/www.nationalturk.com\/tr\/wp-json\/wp\/v2\/users\/4"}],"replies":[{"embeddable":true,"href":"https:\/\/www.nationalturk.com\/tr\/wp-json\/wp\/v2\/comments?post=248249"}],"version-history":[{"count":0,"href":"https:\/\/www.nationalturk.com\/tr\/wp-json\/wp\/v2\/posts\/248249\/revisions"}],"wp:featuredmedia":[{"embeddable":true,"href":"https:\/\/www.nationalturk.com\/tr\/wp-json\/wp\/v2\/media\/248250"}],"wp:attachment":[{"href":"https:\/\/www.nationalturk.com\/tr\/wp-json\/wp\/v2\/media?parent=248249"}],"wp:term":[{"taxonomy":"category","embeddable":true,"href":"https:\/\/www.nationalturk.com\/tr\/wp-json\/wp\/v2\/categories?post=248249"},{"taxonomy":"post_tag","embeddable":true,"href":"https:\/\/www.nationalturk.com\/tr\/wp-json\/wp\/v2\/tags?post=248249"}],"curies":[{"name":"wp","href":"https:\/\/api.w.org\/{rel}","templated":true}]}}