{"id":248294,"date":"2017-04-02T12:17:46","date_gmt":"2017-04-02T09:17:46","guid":{"rendered":"http:\/\/www.nationalturk.com\/?p=248294"},"modified":"2017-04-02T12:17:46","modified_gmt":"2017-04-02T09:17:46","slug":"trumpin-kizi-ve-damadinin-mal-varliklari-aciklandi","status":"publish","type":"post","link":"https:\/\/www.nationalturk.com\/tr\/trumpin-kizi-ve-damadinin-mal-varliklari-aciklandi\/","title":{"rendered":"Trump&#8217;\u0131n K\u0131z\u0131 Ve Damad\u0131n\u0131n Mal Varl\u0131klar\u0131 A\u00e7\u0131kland\u0131!"},"content":{"rendered":"<h2>ABD Ba\u015fkan\u0131 Donald Trump&#8217;\u0131n k\u0131z\u0131 Ivanka Trump ve damad\u0131 Jared Kushner&#8217;\u0131n mal varl\u0131klar\u0131 a\u00e7\u0131kland\u0131.<\/h2>\n<p>Beyaz Saray&#8217;daki \u00fcst d\u00fczey \u00e7al\u0131\u015fanlar\u0131n mal beyanlar\u0131 a\u00e7\u0131kland\u0131. Maa\u015f almadan \u00e7al\u0131\u015facaklar\u0131n\u0131 a\u00e7\u0131klayan Donald Trump&#8217;\u0131n k\u0131z\u0131 Ivanka Trump ve damad\u0131 Jared Kushner&#8217;\u0131n 740 milyon dolarl\u0131k (2 milyar 690 milyon TL) serveti oldu\u011fu ortaya \u00e7\u0131kt\u0131.<\/p>\n<h3>Ge\u00e7en y\u0131lki gelirleri 195 milyon dolar<\/h3>\n<p>Ivanka Trump ile Jared Kushner&#8217;in ge\u00e7en y\u0131lki gelirlerinin 195 milyon dolar seviyesinde, toplam servetlerinin de yakla\u015f\u0131k 740 milyon dolar d\u00fczeyinde oldu\u011fu g\u00f6r\u00fcl\u00fcyor. Trump gibi kendisi de gayrimenkul sekt\u00f6r\u00fcnde faaliyet g\u00f6steren Jared Kushner&#8217;in bu sayede ciddi bir servete kavu\u015ftu\u011fu ifade ediliyor.<\/p>\n<h4>Maa\u015f almayacaklar\u0131n\u0131 a\u00e7\u0131klam\u0131\u015flard\u0131<\/h4>\n<p>ABD Ba\u015fkan\u0131 Donald Trump\u2019\u0131n k\u0131demli dan\u0131\u015fman\u0131 olarak g\u00f6rev yapan Jared Kushner ve ge\u00e7en hafta ba\u015fkan\u0131n asistanl\u0131\u011f\u0131 g\u00f6revine getirilen k\u0131z\u0131 Ivanka Trump g\u00f6revleri boyunca maa\u015f almayacaklar\u0131n\u0131 a\u00e7\u0131klam\u0131\u015ft\u0131.<\/p>\n<!-- Error, Advert is not available at this time due to schedule\/geolocation restrictions! -->\n","protected":false},"excerpt":{"rendered":"<p>ABD Ba\u015fkan\u0131 Donald Trump&#8217;\u0131n k\u0131z\u0131 Ivanka Trump ve damad\u0131 Jared Kushner&#8217;\u0131n mal varl\u0131klar\u0131 a\u00e7\u0131kland\u0131.<\/p>\n","protected":false},"author":3,"featured_media":248297,"comment_status":"open","ping_status":"open","sticky":false,"template":"","format":"standard","meta":{"_acf_changed":false,"footnotes":""},"categories":[6768,6665,6155,5005,6202],"tags":[1887,199658,211461],"class_list":["post-248294","post","type-post","status-publish","format-standard","has-post-thumbnail","hentry","category-amerika","category-dunya","category-gundem","category-manset","category-politika","tag-abd","tag-donald-trump","tag-ivanka-trump"],"acf":[],"_links":{"self":[{"href":"https:\/\/www.nationalturk.com\/tr\/wp-json\/wp\/v2\/posts\/248294","targetHints":{"allow":["GET"]}}],"collection":[{"href":"https:\/\/www.nationalturk.com\/tr\/wp-json\/wp\/v2\/posts"}],"about":[{"href":"https:\/\/www.nationalturk.com\/tr\/wp-json\/wp\/v2\/types\/post"}],"author":[{"embeddable":true,"href":"https:\/\/www.nationalturk.com\/tr\/wp-json\/wp\/v2\/users\/3"}],"replies":[{"embeddable":true,"href":"https:\/\/www.nationalturk.com\/tr\/wp-json\/wp\/v2\/comments?post=248294"}],"version-history":[{"count":0,"href":"https:\/\/www.nationalturk.com\/tr\/wp-json\/wp\/v2\/posts\/248294\/revisions"}],"wp:featuredmedia":[{"embeddable":true,"href":"https:\/\/www.nationalturk.com\/tr\/wp-json\/wp\/v2\/media\/248297"}],"wp:attachment":[{"href":"https:\/\/www.nationalturk.com\/tr\/wp-json\/wp\/v2\/media?parent=248294"}],"wp:term":[{"taxonomy":"category","embeddable":true,"href":"https:\/\/www.nationalturk.com\/tr\/wp-json\/wp\/v2\/categories?post=248294"},{"taxonomy":"post_tag","embeddable":true,"href":"https:\/\/www.nationalturk.com\/tr\/wp-json\/wp\/v2\/tags?post=248294"}],"curies":[{"name":"wp","href":"https:\/\/api.w.org\/{rel}","templated":true}]}}