{"id":248348,"date":"2017-04-03T17:25:58","date_gmt":"2017-04-03T14:25:58","guid":{"rendered":"http:\/\/www.nationalturk.com\/?p=248348"},"modified":"2017-04-03T17:25:58","modified_gmt":"2017-04-03T14:25:58","slug":"besiktasta-kayyumlu-secim","status":"publish","type":"post","link":"https:\/\/www.nationalturk.com\/tr\/besiktasta-kayyumlu-secim\/","title":{"rendered":"Be\u015fikta\u015f&#8217;ta kayyumlu se\u00e7im!"},"content":{"rendered":"<h2>Be\u015fikta\u015f Kul\u00fcb\u00fcnde atanan kayyum heyeti, Divan Kurulu Ba\u015fkanl\u0131k se\u00e7iminin 15 Nisan Cumartesi g\u00fcn\u00fc yap\u0131laca\u011f\u0131n\u0131 duyurdu.<\/h2>\n<p>Be\u015fikta\u015f Kul\u00fcb\u00fcn\u00fcn internet sitesinde, divan kurulu \u00e7a\u011fr\u0131 heyetindeki Aram Sarafo\u011flu, \u015e\u00fckr\u00fc Hikmet Bozano\u011flu ve Ali Okyar\u2019\u0131n \u00fcyelere g\u00f6nderdi\u011fi divan kurulu ola\u011fan\u00fcst\u00fc kongre duyurusu yer ald\u0131.<\/p>\n<p>Kayyum taraf\u0131ndan yap\u0131lan a\u00e7\u0131klama \u015f\u00f6yle;<\/p>\n<p>\u201c\u0130stanbul 16. Sulh Hukuk Mahkemesi\u2019nin 2017\/209 esas say\u0131l\u0131 dosyas\u0131 ile ilgili olarak 23 Mart 2017 tarihinde vermi\u015f bulundu\u011fu karar ile T\u00fcrk Medeni Kanununun 75\/son maddesi uyar\u0131nca se\u00e7im g\u00fcndemli olarak ola\u011fan\u00fcst\u00fc kongre \u00e7a\u011fr\u0131s\u0131 yapmak \u00fczere g\u00f6revlendirilmi\u015f bulunmaktay\u0131z. Bu nedenle 15 Nisan 2017 Cumartesi g\u00fcn\u00fc saat 10.30\u2019da Vodafone Arena\u2019da divan ba\u015fkanl\u0131k kurulu se\u00e7imi g\u00fcndemli olarak, divan kurulu ola\u011fan\u00fcst\u00fc toplant\u0131s\u0131 yap\u0131lacakt\u0131r.\u201d<\/p>\n<!-- Error, Advert is not available at this time due to schedule\/geolocation restrictions! -->\n","protected":false},"excerpt":{"rendered":"<p>Be\u015fikta\u015f Kul\u00fcb\u00fcnde atanan kayyum heyeti, Divan Kurulu Ba\u015fkanl\u0131k se\u00e7iminin 15 Nisan Cumartesi g\u00fcn\u00fc yap\u0131laca\u011f\u0131n\u0131 duyurdu. Be\u015fikta\u015f Kul\u00fcb\u00fcn\u00fcn internet sitesinde, divan kurulu \u00e7a\u011fr\u0131 heyetindeki Aram Sarafo\u011flu, \u015e\u00fckr\u00fc Hikmet Bozano\u011flu ve Ali Okyar\u2019\u0131n \u00fcyelere g\u00f6nderdi\u011fi divan kurulu ola\u011fan\u00fcst\u00fc kongre duyurusu yer ald\u0131. Kayyum taraf\u0131ndan yap\u0131lan a\u00e7\u0131klama \u015f\u00f6yle; \u201c\u0130stanbul 16. Sulh Hukuk Mahkemesi\u2019nin 2017\/209 esas say\u0131l\u0131 dosyas\u0131 ile &hellip;<\/p>\n","protected":false},"author":4,"featured_media":248349,"comment_status":"open","ping_status":"open","sticky":false,"template":"","format":"standard","meta":{"_acf_changed":false,"footnotes":""},"categories":[6774,5005,349,6194],"tags":[1748,27771,46075],"class_list":["post-248348","post","type-post","status-publish","format-standard","has-post-thumbnail","hentry","category-futbol","category-manset","category-son-dakika","category-spor","tag-besiktas","tag-divan-kurulu","tag-kayyum"],"acf":[],"_links":{"self":[{"href":"https:\/\/www.nationalturk.com\/tr\/wp-json\/wp\/v2\/posts\/248348","targetHints":{"allow":["GET"]}}],"collection":[{"href":"https:\/\/www.nationalturk.com\/tr\/wp-json\/wp\/v2\/posts"}],"about":[{"href":"https:\/\/www.nationalturk.com\/tr\/wp-json\/wp\/v2\/types\/post"}],"author":[{"embeddable":true,"href":"https:\/\/www.nationalturk.com\/tr\/wp-json\/wp\/v2\/users\/4"}],"replies":[{"embeddable":true,"href":"https:\/\/www.nationalturk.com\/tr\/wp-json\/wp\/v2\/comments?post=248348"}],"version-history":[{"count":0,"href":"https:\/\/www.nationalturk.com\/tr\/wp-json\/wp\/v2\/posts\/248348\/revisions"}],"wp:featuredmedia":[{"embeddable":true,"href":"https:\/\/www.nationalturk.com\/tr\/wp-json\/wp\/v2\/media\/248349"}],"wp:attachment":[{"href":"https:\/\/www.nationalturk.com\/tr\/wp-json\/wp\/v2\/media?parent=248348"}],"wp:term":[{"taxonomy":"category","embeddable":true,"href":"https:\/\/www.nationalturk.com\/tr\/wp-json\/wp\/v2\/categories?post=248348"},{"taxonomy":"post_tag","embeddable":true,"href":"https:\/\/www.nationalturk.com\/tr\/wp-json\/wp\/v2\/tags?post=248348"}],"curies":[{"name":"wp","href":"https:\/\/api.w.org\/{rel}","templated":true}]}}