{"id":248403,"date":"2017-04-05T10:38:33","date_gmt":"2017-04-05T07:38:33","guid":{"rendered":"http:\/\/www.nationalturk.com\/?p=248403"},"modified":"2017-04-05T10:38:33","modified_gmt":"2017-04-05T07:38:33","slug":"son-dakika-meral-aksenerin-avukati-tutuklandi","status":"publish","type":"post","link":"https:\/\/www.nationalturk.com\/tr\/son-dakika-meral-aksenerin-avukati-tutuklandi\/","title":{"rendered":"Son Dakika: Meral Ak\u015fener&#8217;in avukat\u0131 tutukland\u0131"},"content":{"rendered":"<h2>FET\u00d6&#8217;n\u00fcn avukat yap\u0131lanmas\u0131na y\u00f6nelik soru\u015fturma kapsam\u0131nda Meral Ak\u015fener&#8217;in, Erhan Tuncel&#8217;in ve eski emniyet m\u00fcd\u00fcrlerinin avukatlar\u0131n\u0131n da aralar\u0131nda bulundu\u011fu 30 \u015f\u00fcpheli tutukland\u0131. \/ Son Dakika&#8230;<\/h2>\n<p>\u0130stanbul Cumhuriyet Ba\u015fsavc\u0131l\u0131\u011f\u0131nca y\u00fcr\u00fct\u00fclen FET\u00d6&#8217;n\u00fcn avukat yap\u0131lanmas\u0131na y\u00f6nelik soru\u015fturma kapsam\u0131nda Meral Ak\u015fener&#8217;in, Erhan Tuncel&#8217;in ve eski emniyet m\u00fcd\u00fcrlerinin avukatlar\u0131n\u0131n da aralar\u0131nda bulundu\u011fu 30 \u015f\u00fcpheli tutukland\u0131.<\/p>\n<!-- Error, Advert is not available at this time due to schedule\/geolocation restrictions! -->\n","protected":false},"excerpt":{"rendered":"<p>FET\u00d6&#8217;n\u00fcn avukat yap\u0131lanmas\u0131na y\u00f6nelik soru\u015fturma kapsam\u0131nda Meral Ak\u015fener&#8217;in, Erhan Tuncel&#8217;in ve eski emniyet m\u00fcd\u00fcrlerinin avukatlar\u0131n\u0131n da aralar\u0131nda bulundu\u011fu 30 \u015f\u00fcpheli tutukland\u0131. \/ Son Dakika&#8230; \u0130stanbul Cumhuriyet Ba\u015fsavc\u0131l\u0131\u011f\u0131nca y\u00fcr\u00fct\u00fclen FET\u00d6&#8217;n\u00fcn avukat yap\u0131lanmas\u0131na y\u00f6nelik soru\u015fturma kapsam\u0131nda Meral Ak\u015fener&#8217;in, Erhan Tuncel&#8217;in ve eski emniyet m\u00fcd\u00fcrlerinin avukatlar\u0131n\u0131n da aralar\u0131nda bulundu\u011fu 30 \u015f\u00fcpheli tutukland\u0131.<\/p>\n","protected":false},"author":4,"featured_media":248404,"comment_status":"open","ping_status":"open","sticky":false,"template":"","format":"standard","meta":{"_acf_changed":false,"footnotes":""},"categories":[763],"tags":[36862,202856,99575,27382],"class_list":["post-248403","post","type-post","status-publish","format-standard","has-post-thumbnail","hentry","category-gunun-olayi","tag-erhan-tuncel","tag-feto","tag-meral-aksener","tag-son-dakika"],"acf":[],"_links":{"self":[{"href":"https:\/\/www.nationalturk.com\/tr\/wp-json\/wp\/v2\/posts\/248403","targetHints":{"allow":["GET"]}}],"collection":[{"href":"https:\/\/www.nationalturk.com\/tr\/wp-json\/wp\/v2\/posts"}],"about":[{"href":"https:\/\/www.nationalturk.com\/tr\/wp-json\/wp\/v2\/types\/post"}],"author":[{"embeddable":true,"href":"https:\/\/www.nationalturk.com\/tr\/wp-json\/wp\/v2\/users\/4"}],"replies":[{"embeddable":true,"href":"https:\/\/www.nationalturk.com\/tr\/wp-json\/wp\/v2\/comments?post=248403"}],"version-history":[{"count":0,"href":"https:\/\/www.nationalturk.com\/tr\/wp-json\/wp\/v2\/posts\/248403\/revisions"}],"wp:featuredmedia":[{"embeddable":true,"href":"https:\/\/www.nationalturk.com\/tr\/wp-json\/wp\/v2\/media\/248404"}],"wp:attachment":[{"href":"https:\/\/www.nationalturk.com\/tr\/wp-json\/wp\/v2\/media?parent=248403"}],"wp:term":[{"taxonomy":"category","embeddable":true,"href":"https:\/\/www.nationalturk.com\/tr\/wp-json\/wp\/v2\/categories?post=248403"},{"taxonomy":"post_tag","embeddable":true,"href":"https:\/\/www.nationalturk.com\/tr\/wp-json\/wp\/v2\/tags?post=248403"}],"curies":[{"name":"wp","href":"https:\/\/api.w.org\/{rel}","templated":true}]}}