{"id":248704,"date":"2017-04-11T16:00:23","date_gmt":"2017-04-11T13:00:23","guid":{"rendered":"http:\/\/www.nationalturk.com\/?p=248704"},"modified":"2017-04-11T16:00:23","modified_gmt":"2017-04-11T13:00:23","slug":"ust-uste-4-yenilgiden-sonra-wenger-yine-hedefte","status":"publish","type":"post","link":"https:\/\/www.nationalturk.com\/tr\/ust-uste-4-yenilgiden-sonra-wenger-yine-hedefte\/","title":{"rendered":"\u00dcst \u00fcste 4 yenilgiden sonra Wenger yine hedefte"},"content":{"rendered":"<h2>Crystal Palace&#8217;a 3-0 ma\u011flup olarak ilk kez \u00fcst \u00fcste 4 deplasman ma\u00e7\u0131ndan ma\u011flup ayr\u0131lan Arsenal&#8217;in teknik direkt\u00f6r\u00fc Wenger, \u00fclke bas\u0131n\u0131 ve taraftarlar taraf\u0131ndan ele\u015ftirilmeye devam ediliyor.<\/h2>\n<p>\u00dc\u00e7 kez Premier Lig \u015fampiyonlu\u011fu ya\u015fad\u0131\u011f\u0131 Arsenal&#8217;in ba\u015f\u0131nda bu sezon sergiledi\u011fi performansla UEFA \u015eampiyonlar Ligi \u015fans\u0131n\u0131 dahi zora sokan Frans\u0131z teknik direkt\u00f6r\u00fcn durumu, \u0130ngiliz bas\u0131n\u0131nda geni\u015f yer buldu.<\/p>\n<p>Ma\u011flubiyetin ard\u0131ndan, &#8220;Crystal Palace, Arsenal&#8217;in ilk 4 umutlar\u0131na zarar verdi&#8221; ba\u015fl\u0131\u011f\u0131n\u0131 atan BBC, Selhurst Park&#8217;taki k\u0131rm\u0131z\u0131-beyazl\u0131 taraftarlar\u0131n Arsene Wenger&#8217;in istifas\u0131n\u0131 istediklerini yazd\u0131.<\/p>\n<p>Andros Townsend&#8217;in att\u0131\u011f\u0131 ilk gol an\u0131ndaki foto\u011fraf\u0131 sayfas\u0131nda payla\u015fan The Times, sergilenen k\u00f6t\u00fc performansa at\u0131fta bulunarak, &#8220;Wenger sayg\u0131 g\u00f6r\u00fcyordu, \u015fimdi ise alay ediliyor.&#8221; ifadesini kulland\u0131. Gazete, Crystal Palace taraftarlar\u0131n\u0131n 67 ya\u015f\u0131ndaki teknik adamla dalga ge\u00e7erek, &#8220;Wenger, senin kalman\u0131 istiyoruz.&#8221; ifadelerini okuyucular\u0131yla payla\u015ft\u0131.<\/p>\n<p>&#8220;Arsene Wenger d\u00f6neminde, k\u00fc\u00e7\u00fck d\u00fc\u015f\u00fcr\u00fcc\u00fc ma\u011flubiyetlerle sona yakla\u015f\u0131l\u0131yor.&#8221; ba\u015fl\u0131\u011f\u0131yla haberi okuyucular\u0131na duyuran The Sun, Wenger&#8217;in 21 y\u0131ll\u0131k Arsenal kariyerinde ilk kez art arda 4 deplasman ma\u00e7\u0131n\u0131 kaybetti\u011fini, Londra ekibinin taraftarlar\u0131n\u0131n ise oyunculara y\u00f6nelik, &#8220;Bu formay\u0131 giymeye lay\u0131k de\u011filsiniz.&#8221; s\u00f6zlerini aktard\u0131.<\/p>\n<p>The Telegraph ise bir Arsenal taraftar\u0131n\u0131n elinde g\u00f6sterdi\u011fi &#8220;Yeter art\u0131k yeter. Wenger d\u0131\u015far\u0131.&#8221; foto\u011fraf\u0131na yer vererek, tak\u0131ma kar\u015f\u0131 g\u00f6sterilen tepkilere ve Theo Walcott&#8217;un bu durum kar\u015f\u0131s\u0131nda \u00f6z\u00fcr dilemesine yer verdi.<\/p>\n<!-- Error, Advert is not available at this time due to schedule\/geolocation restrictions! -->\n","protected":false},"excerpt":{"rendered":"<p>Crystal Palace&#8217;a 3-0 ma\u011flup olarak ilk kez \u00fcst \u00fcste 4 deplasman ma\u00e7\u0131ndan ma\u011flup ayr\u0131lan Arsenal&#8217;in teknik direkt\u00f6r\u00fc Wenger, \u00fclke bas\u0131n\u0131 ve taraftarlar taraf\u0131ndan ele\u015ftirilmeye devam ediliyor. \u00dc\u00e7 kez Premier Lig \u015fampiyonlu\u011fu ya\u015fad\u0131\u011f\u0131 Arsenal&#8217;in ba\u015f\u0131nda bu sezon sergiledi\u011fi performansla UEFA \u015eampiyonlar Ligi \u015fans\u0131n\u0131 dahi zora sokan Frans\u0131z teknik direkt\u00f6r\u00fcn durumu, \u0130ngiliz bas\u0131n\u0131nda geni\u015f yer buldu. Ma\u011flubiyetin &hellip;<\/p>\n","protected":false},"author":4,"featured_media":248705,"comment_status":"open","ping_status":"open","sticky":false,"template":"","format":"standard","meta":{"_acf_changed":false,"footnotes":""},"categories":[6774,6194],"tags":[17331,21161,21330],"class_list":["post-248704","post","type-post","status-publish","format-standard","has-post-thumbnail","hentry","category-futbol","category-spor","tag-arsenal","tag-arsene-wenger","tag-premier-lig"],"acf":[],"_links":{"self":[{"href":"https:\/\/www.nationalturk.com\/tr\/wp-json\/wp\/v2\/posts\/248704","targetHints":{"allow":["GET"]}}],"collection":[{"href":"https:\/\/www.nationalturk.com\/tr\/wp-json\/wp\/v2\/posts"}],"about":[{"href":"https:\/\/www.nationalturk.com\/tr\/wp-json\/wp\/v2\/types\/post"}],"author":[{"embeddable":true,"href":"https:\/\/www.nationalturk.com\/tr\/wp-json\/wp\/v2\/users\/4"}],"replies":[{"embeddable":true,"href":"https:\/\/www.nationalturk.com\/tr\/wp-json\/wp\/v2\/comments?post=248704"}],"version-history":[{"count":0,"href":"https:\/\/www.nationalturk.com\/tr\/wp-json\/wp\/v2\/posts\/248704\/revisions"}],"wp:featuredmedia":[{"embeddable":true,"href":"https:\/\/www.nationalturk.com\/tr\/wp-json\/wp\/v2\/media\/248705"}],"wp:attachment":[{"href":"https:\/\/www.nationalturk.com\/tr\/wp-json\/wp\/v2\/media?parent=248704"}],"wp:term":[{"taxonomy":"category","embeddable":true,"href":"https:\/\/www.nationalturk.com\/tr\/wp-json\/wp\/v2\/categories?post=248704"},{"taxonomy":"post_tag","embeddable":true,"href":"https:\/\/www.nationalturk.com\/tr\/wp-json\/wp\/v2\/tags?post=248704"}],"curies":[{"name":"wp","href":"https:\/\/api.w.org\/{rel}","templated":true}]}}